{"id":73326,"date":"2025-09-16T03:42:10","date_gmt":"2025-09-16T03:42:10","guid":{"rendered":"https:\/\/www.europesays.com\/pt\/73326\/"},"modified":"2025-09-16T03:42:10","modified_gmt":"2025-09-16T03:42:10","slug":"ana-guiomar-comete-inconfidencia-ate-tenho-medo-desta-novelas","status":"publish","type":"post","link":"https:\/\/www.europesays.com\/pt\/73326\/","title":{"rendered":"Ana Guiomar comete inconfid\u00eancia: \u00abAt\u00e9 tenho medo desta\u00bb &#8211; Novelas"},"content":{"rendered":"<p><strong data-end=\"166\" data-start=\"151\"><a href=\"https:\/\/tvi.iol.pt\/novelas\/fotos\/na-cidade-do-amor-ana-guiomar-esta-com-companhia-especial\/68bedb82d34ee0c2fecfd16e\" wbo-id=\"49\" rel=\"nofollow noopener\" target=\"_blank\">Ana Guiomar<\/a><\/strong><strong>,<\/strong> atriz da TVI de 37 anos, partilhou nas redes sociais um desabafo divertido sobre o fim de uma semana e o arranque da nova semana, depois de dias particularmente intensos. <strong>\u00abAt\u00e9 tenho medo desta!\u00bb<\/strong>, escreveu, acompanhando a frase com um emoji bem revelador do esp\u00edrito.<\/p>\n<p>E motivos n\u00e3o lhe faltaram para sentir o peso da agenda. Numa lista descontra\u00edda, Ana fez o balan\u00e7o da semana anterior, que teve de tudo um pouco:<\/p>\n<blockquote class=\"instagram-media\" data-instgrm-captioned=\"\" data-instgrm-permalink=\"https:\/\/www.instagram.com\/p\/DOmNnlOAIBE\/?utm_source=ig_embed&amp;utm_campaign=loading\" data-instgrm-version=\"14\" style=\" background:#FFF; border:0; border-radius:3px; box-shadow:0 0 1px 0 rgba(0,0,0,0.5),0 1px 10px 0 rgba(0,0,0,0.15); margin: 1px; max-width:540px; min-width:326px; padding:0; width:99.375%; width:-webkit-calc(100% - 2px); width:calc(100% - 2px);\">\n<\/blockquote>\n<p>\u00a0<\/p>\n<ol>\n<li>Fui a Paris ver o Drake (j\u00e1 explico no 2).<\/li>\n<li>O\u00a0@leonardofonseca___ \u00e9 f\u00e3! Nota-se muito? \ud83d\ude02<\/li>\n<li>Comecei a dar vida a uma Am\u00e1lia.<\/li>\n<li>Make up \u00e9pica para a apresenta\u00e7\u00e3o da grelha.<\/li>\n<li>Encontros felizes.<\/li>\n<li>Um s\u00e1bado de sonho.<\/li>\n<li>Domingo a relaxar.<\/li>\n<\/ol>\n<p>Entre trabalho, m\u00fasica e divers\u00e3o, a atriz conseguiu condensar numa semana experi\u00eancias que dariam para v\u00e1rias. N\u00e3o admira que a nova comece com uma pitada de receio, mas sempre com o humor que lhe \u00e9 caracter\u00edstico.<\/p>\n<p>Neste momento, Ana Guiomar est\u00e1 em grava\u00e7\u00f5es da nova novela da TVI \u00abAmor \u00e0 Prova\u00bb, que promete tocar no cora\u00e7\u00e3o dos portugueses.<\/p>\n<p>                        <script async src=\"\/\/www.instagram.com\/embed.js\"><\/script><\/p>\n","protected":false},"excerpt":{"rendered":"Ana Guiomar, atriz da TVI de 37 anos, partilhou nas redes sociais um desabafo divertido sobre o fim&hellip;\n","protected":false},"author":2,"featured_media":73327,"comment_status":"","ping_status":"","sticky":false,"template":"","format":"standard","meta":{"footnotes":""},"categories":[142],"tags":[160,166,1681,114,115,157,167,164,161,158,2458,165,159,32,33,156,163,151,162],"class_list":{"0":"post-73326","1":"post","2":"type-post","3":"status-publish","4":"format-standard","5":"has-post-thumbnail","7":"category-tv","8":"tag-ana-guiomar","9":"tag-cristina-ferreira","10":"tag-drake","11":"tag-entertainment","12":"tag-entretenimento","13":"tag-festa-e-festa","14":"tag-ficcao","15":"tag-jose-fidalgo","16":"tag-novelas","17":"tag-para-sempre","18":"tag-paris","19":"tag-pedro-sousa","20":"tag-pedro-teixeira","21":"tag-portugal","22":"tag-pt","23":"tag-queridos-papas","24":"tag-tiago-teotonio-pereira","25":"tag-tv","26":"tag-tvi"},"share_on_mastodon":{"url":"","error":""},"_links":{"self":[{"href":"https:\/\/www.europesays.com\/pt\/wp-json\/wp\/v2\/posts\/73326","targetHints":{"allow":["GET"]}}],"collection":[{"href":"https:\/\/www.europesays.com\/pt\/wp-json\/wp\/v2\/posts"}],"about":[{"href":"https:\/\/www.europesays.com\/pt\/wp-json\/wp\/v2\/types\/post"}],"author":[{"embeddable":true,"href":"https:\/\/www.europesays.com\/pt\/wp-json\/wp\/v2\/users\/2"}],"replies":[{"embeddable":true,"href":"https:\/\/www.europesays.com\/pt\/wp-json\/wp\/v2\/comments?post=73326"}],"version-history":[{"count":0,"href":"https:\/\/www.europesays.com\/pt\/wp-json\/wp\/v2\/posts\/73326\/revisions"}],"wp:featuredmedia":[{"embeddable":true,"href":"https:\/\/www.europesays.com\/pt\/wp-json\/wp\/v2\/media\/73327"}],"wp:attachment":[{"href":"https:\/\/www.europesays.com\/pt\/wp-json\/wp\/v2\/media?parent=73326"}],"wp:term":[{"taxonomy":"category","embeddable":true,"href":"https:\/\/www.europesays.com\/pt\/wp-json\/wp\/v2\/categories?post=73326"},{"taxonomy":"post_tag","embeddable":true,"href":"https:\/\/www.europesays.com\/pt\/wp-json\/wp\/v2\/tags?post=73326"}],"curies":[{"name":"wp","href":"https:\/\/api.w.org\/{rel}","templated":true}]}}