{"id":73358,"date":"2025-09-16T04:32:13","date_gmt":"2025-09-16T04:32:13","guid":{"rendered":"https:\/\/www.europesays.com\/pt\/73358\/"},"modified":"2025-09-16T04:32:13","modified_gmt":"2025-09-16T04:32:13","slug":"homem-em-tentativa-de-suicidio-mata-idosa","status":"publish","type":"post","link":"https:\/\/www.europesays.com\/pt\/73358\/","title":{"rendered":"Homem em Tentativa de Suic\u00eddio Mata Idosa"},"content":{"rendered":"<p>Uma idosa italiana morreu esta segunda-feira ao ser atingida no p\u00e1tio de casa pelo corpo de um vizinho que se tentou suicidar, atirando-se da varanda do pr\u00e9dio, a 20 metros de altura, em Mil\u00e3o (norte do pa\u00eds).<\/p>\n<p>Segundo os \u00f3rg\u00e3os de Comunica\u00e7\u00e3o Social locais, o homem de 70 anos est\u00e1 hospitalizado, mas sem risco de vida, e foi acusado de homic\u00eddio por neglig\u00eancia (involunt\u00e1rio), ap\u00f3s lan\u00e7ar-se do quarto andar do edif\u00edcio que partilhava com Francesca Manno, a v\u00edtima mortal, com 83 anos.<\/p>\n<p>Francesca tinha ido deitar lixo fora, segundo relatos de outros vizinhos, quando foi atingida. Apesar da interven\u00e7\u00e3o pronta dos servi\u00e7os de urg\u00eancia m\u00e9dica, a mulher acabou por morrer no local.<\/p>\n<p>O homem que se atirou sofreu v\u00e1rias fraturas, sobretudo nas pernas e p\u00e9s, mas o diagn\u00f3stico \u00e9 positivo, segundo os investigadores.<\/p>\n<p>Os \u201cCarabinieri\u201d (equivalentes \u00e0 GNR em Portugal), que atenderam \u00e0 ocorr\u00eancia, chegaram a colocar a hip\u00f3tese de se tratar de um casal que se tentou matar ao mesmo tempo, mas conclu\u00edram que n\u00e3o havia alguma rela\u00e7\u00e3o \u00edntima entre ambos.<\/p>\n","protected":false},"excerpt":{"rendered":"Uma idosa italiana morreu esta segunda-feira ao ser atingida no p\u00e1tio de casa pelo corpo de um vizinho&hellip;\n","protected":false},"author":2,"featured_media":73359,"comment_status":"","ping_status":"","sticky":false,"template":"","format":"standard","meta":{"footnotes":""},"categories":[50],"tags":[27,28,15,16,14,5564,233,25,26,21,22,7001,62,12,13,19,20,23,24,17,18,29,30,31,63,64,65],"class_list":{"0":"post-73358","1":"post","2":"type-post","3":"status-publish","4":"format-standard","5":"has-post-thumbnail","7":"category-mundo","8":"tag-breaking-news","9":"tag-breakingnews","10":"tag-featured-news","11":"tag-featurednews","12":"tag-headlines","13":"tag-homicidio","14":"tag-italia","15":"tag-latest-news","16":"tag-latestnews","17":"tag-main-news","18":"tag-mainnews","19":"tag-milao","20":"tag-mundo","21":"tag-news","22":"tag-noticias","23":"tag-noticias-principais","24":"tag-noticiasprincipais","25":"tag-principais-noticias","26":"tag-principaisnoticias","27":"tag-top-stories","28":"tag-topstories","29":"tag-ultimas","30":"tag-ultimas-noticias","31":"tag-ultimasnoticias","32":"tag-world","33":"tag-world-news","34":"tag-worldnews"},"share_on_mastodon":{"url":"","error":""},"_links":{"self":[{"href":"https:\/\/www.europesays.com\/pt\/wp-json\/wp\/v2\/posts\/73358","targetHints":{"allow":["GET"]}}],"collection":[{"href":"https:\/\/www.europesays.com\/pt\/wp-json\/wp\/v2\/posts"}],"about":[{"href":"https:\/\/www.europesays.com\/pt\/wp-json\/wp\/v2\/types\/post"}],"author":[{"embeddable":true,"href":"https:\/\/www.europesays.com\/pt\/wp-json\/wp\/v2\/users\/2"}],"replies":[{"embeddable":true,"href":"https:\/\/www.europesays.com\/pt\/wp-json\/wp\/v2\/comments?post=73358"}],"version-history":[{"count":0,"href":"https:\/\/www.europesays.com\/pt\/wp-json\/wp\/v2\/posts\/73358\/revisions"}],"wp:featuredmedia":[{"embeddable":true,"href":"https:\/\/www.europesays.com\/pt\/wp-json\/wp\/v2\/media\/73359"}],"wp:attachment":[{"href":"https:\/\/www.europesays.com\/pt\/wp-json\/wp\/v2\/media?parent=73358"}],"wp:term":[{"taxonomy":"category","embeddable":true,"href":"https:\/\/www.europesays.com\/pt\/wp-json\/wp\/v2\/categories?post=73358"},{"taxonomy":"post_tag","embeddable":true,"href":"https:\/\/www.europesays.com\/pt\/wp-json\/wp\/v2\/tags?post=73358"}],"curies":[{"name":"wp","href":"https:\/\/api.w.org\/{rel}","templated":true}]}}