{"id":73360,"date":"2025-09-16T04:35:08","date_gmt":"2025-09-16T04:35:08","guid":{"rendered":"https:\/\/www.europesays.com\/pt\/73360\/"},"modified":"2025-09-16T04:35:08","modified_gmt":"2025-09-16T04:35:08","slug":"palavras-de-jose-castelo-branco-surpreendem-ninguem-fica-contente-por-ir-a-julgamento-cnn-portugal","status":"publish","type":"post","link":"https:\/\/www.europesays.com\/pt\/73360\/","title":{"rendered":"Palavras de Jos\u00e9 Castelo Branco &quot;surpreendem. Ningu\u00e9m fica contente por ir a julgamento&quot; &#8211; CNN Portugal"},"content":{"rendered":"<ol>\n<li><a href=\"https:\/\/news.google.com\/rss\/articles\/CBMi3AFBVV95cUxPT2R1amc0R3pnd011THBCMFBRZ0FZUnNEQnZWR0ZYZXVVT0NGaTZoYWg2OHZnTEVTRm9BS29WQnBLOHIxMDhUajhCN0dhc3dObE9PSUxCbW1NTUdZWDFUV2FVTkxTbzFiUzNCY1NrNFpIc1lMcXVOby0xdTFkc09SYW9GOWxRMlpyQ1lVRTI5bG1oam9DTC0tcGpwSlUxcF9UQjctSVFMejJTaVIzY2dhbi1mWXdIMXl1LV9wU0xWZVR0SU5kaVowczFYN1lTemFWazAwdDdueXRDMFNF?oc=5\" target=\"_blank\" rel=\"nofollow noopener\">Palavras de Jos\u00e9 Castelo Branco &#8220;surpreendem. Ningu\u00e9m fica contente por ir a julgamento&#8221;<\/a>&nbsp;&nbsp;CNN Portugal<\/li>\n<li><a href=\"https:\/\/news.google.com\/rss\/articles\/CBMitwFBVV95cUxQRVBvVkExYk92eEU4THpvaU9DVFA3ZmtxeGg4UDNtaU5iTjBRUElSc0FxWVhhVmJjb0EzdVRscDhKUjljOUNKOHJYdUtIQ3dMcldkZ3lwY3Fic09oWmNmamM2blpqOU85TmlySk92dnNKdF95Y21rYTF4cjlNdlo3SUxXc0Jab2Z0VzVVTGplUG5NNDd2d2R2YVBfNTlTX3M1VjdOWXZLNDZNX1JBWldMRHhLZERHeWM?oc=5\" target=\"_blank\" rel=\"nofollow noopener\">Juiz decide levar Jos\u00e9 Castelo Branco a julgamento por viol\u00eancia dom\u00e9stica<\/a>&nbsp;&nbsp;RTP<\/li>\n<li><a href=\"https:\/\/news.google.com\/rss\/articles\/CBMimgFBVV95cUxNam9JYnNVQ011eFB0N3cydkVzMXRqUEVxMW1jblI0eGZ0OTR0anpVY1NjSW8tTVE3RkRDeGowa2Y1bzgxdVZBNnFwUEY0UFRsQjRnSUc5R0xTelJtZjBKSG1iWGVRd3JCWW1RczJCTWY4czhBSF9UTm1vMmV1VUN1SkdlaGFReUhMLUFjeVhyZTNSWlVVTDJDNjF3?oc=5\" target=\"_blank\" rel=\"nofollow noopener\">Caso Jos\u00e9 Castelo Branco e Betty Grafstein vai mesmo acabar em tribunal<\/a>&nbsp;&nbsp;Dioguinho<\/li>\n<li><a href=\"https:\/\/news.google.com\/rss\/articles\/CBMiwAJBVV95cUxQdVNhbWh0TUo5S1BwZDlzV0k1QUZRUEEzNGVpNEtOLW5VNWlBZEtOYVFfaExUWVo0aEFrWTkyU01hWVM5WjVmajMwQ2lBMFNDMGlTaDFhXzN1LTAwYTZoUTZobUxEclhlMHYtZVhSZTVvOEhnOWxxMHdNXzZVdHAwY3EzMW1FLUxEUGY4Vjh6T3J1bUtrVlI1cnlSZ1BmdG42cDZ5R1VpSXRlb2xreXIyMzFjbVJmWWp1eEJrb1BDRnhad3MzTUNrdXctTk1DakFvUmZMUDRpaDBScVFBNXBEUDhiR2RzUFdMSlptcVlpVzBNckVRMzc1d0lCcFZIRFZJRDZWdE1abENsbTBxMWx1aUpmWjRfNHZoTHdadnB4LWVkSGE2WU82TVZkTTFoclp4eEV6emp6SnNmZlBUZTlWUg?oc=5\" target=\"_blank\" rel=\"nofollow noopener\">10 minutos: Jos\u00e9 Castelo Branco ser\u00e1 julgado por viol\u00eancia dom\u00e9stica e Escola de Artes do Porto investigada ap\u00f3s den\u00fancia<\/a>&nbsp;&nbsp;SIC Not\u00edcias<\/li>\n<li><a href=\"https:\/\/news.google.com\/rss\/articles\/CBMikwFBVV95cUxNSTVqMG9MYklKUTNJQmM0V0RsT1AxLVFSWkNiYXlDOWctSGRpZFlDM0t0cm54ek91SkFnWnROa19yZUx6VHlLOVNxNmMtY0FTanFhN0xydU9LZ093UnU2aWFreEd0UHpBazJVY2dFZVR3d0FYU255RHU4MmlGLWZPMW9KMXNJVnVqYW9OaXdaeDhBWHc?oc=5\" target=\"_blank\" rel=\"nofollow noopener\">Jos\u00e9 Castelo Branco arrisca cinco anos de pris\u00e3o<\/a>&nbsp;&nbsp;Correio da Manh\u00e3<\/li>\n<\/ol>\n","protected":false},"excerpt":{"rendered":"Palavras de Jos\u00e9 Castelo Branco &#8220;surpreendem. Ningu\u00e9m fica contente por ir a julgamento&#8221;&nbsp;&nbsp;CNN Portugal Juiz decide levar Jos\u00e9&hellip;\n","protected":false},"author":2,"featured_media":73361,"comment_status":"","ping_status":"","sticky":false,"template":"","format":"standard","meta":{"footnotes":""},"categories":[145],"tags":[609,836,611,3298,27,211,210,607,608,333,832,604,135,610,476,114,115,301,830,3297,5607,603,570,831,833,62,834,13,835,602,52,32,33,29,3218],"class_list":{"0":"post-73360","1":"post","2":"type-post","3":"status-publish","4":"format-standard","5":"has-post-thumbnail","7":"category-celebridades","8":"tag-alerta","9":"tag-analise","10":"tag-ao-minuto","11":"tag-betty-grafstein","12":"tag-breaking-news","13":"tag-celebridades","14":"tag-celebrities","15":"tag-cnn","16":"tag-cnn-portugal","17":"tag-comentadores","18":"tag-costa","19":"tag-crime","20":"tag-desporto","21":"tag-direto","22":"tag-economia","23":"tag-entertainment","24":"tag-entretenimento","25":"tag-governo","26":"tag-guerra","27":"tag-jose-castelo-branco","28":"tag-julgamento","29":"tag-justica","30":"tag-live","31":"tag-mais-vistas","32":"tag-marcelo","33":"tag-mundo","34":"tag-negocios","35":"tag-noticias","36":"tag-opiniao","37":"tag-pais","38":"tag-politica","39":"tag-portugal","40":"tag-pt","41":"tag-ultimas","42":"tag-violencia-domestica"},"share_on_mastodon":{"url":"","error":""},"_links":{"self":[{"href":"https:\/\/www.europesays.com\/pt\/wp-json\/wp\/v2\/posts\/73360","targetHints":{"allow":["GET"]}}],"collection":[{"href":"https:\/\/www.europesays.com\/pt\/wp-json\/wp\/v2\/posts"}],"about":[{"href":"https:\/\/www.europesays.com\/pt\/wp-json\/wp\/v2\/types\/post"}],"author":[{"embeddable":true,"href":"https:\/\/www.europesays.com\/pt\/wp-json\/wp\/v2\/users\/2"}],"replies":[{"embeddable":true,"href":"https:\/\/www.europesays.com\/pt\/wp-json\/wp\/v2\/comments?post=73360"}],"version-history":[{"count":0,"href":"https:\/\/www.europesays.com\/pt\/wp-json\/wp\/v2\/posts\/73360\/revisions"}],"wp:featuredmedia":[{"embeddable":true,"href":"https:\/\/www.europesays.com\/pt\/wp-json\/wp\/v2\/media\/73361"}],"wp:attachment":[{"href":"https:\/\/www.europesays.com\/pt\/wp-json\/wp\/v2\/media?parent=73360"}],"wp:term":[{"taxonomy":"category","embeddable":true,"href":"https:\/\/www.europesays.com\/pt\/wp-json\/wp\/v2\/categories?post=73360"},{"taxonomy":"post_tag","embeddable":true,"href":"https:\/\/www.europesays.com\/pt\/wp-json\/wp\/v2\/tags?post=73360"}],"curies":[{"name":"wp","href":"https:\/\/api.w.org\/{rel}","templated":true}]}}