{"id":73491,"date":"2025-09-16T08:13:11","date_gmt":"2025-09-16T08:13:11","guid":{"rendered":"https:\/\/www.europesays.com\/pt\/73491\/"},"modified":"2025-09-16T08:13:11","modified_gmt":"2025-09-16T08:13:11","slug":"shia-labeouf-revela-que-quase-saiu-no-soco-e-desfez-amizade-com-pai-de-angelina-jolie-o-ator-jon-voight-por-politica-celebridades","status":"publish","type":"post","link":"https:\/\/www.europesays.com\/pt\/73491\/","title":{"rendered":"Shia LaBeouf revela que quase saiu no soco e desfez amizade com pai de Angelina Jolie, o ator Jon Voight, por pol\u00edtica | Celebridades"},"content":{"rendered":"\n<p class=\" content-text__container \" data-track-category=\"Link no Texto\" data-track-links=\"\"> O ator em quest\u00e3o \u00e9 Jon Voight, pai de Angelina Jolie e vencedor do Oscar de Melhor Ator por &#8216;Amargo Regresso&#8217; (1978). Os dois trabalharam juntos em &#8216;O Mist\u00e9rio dos Escavadores&#8217; (2003) e &#8216;Transformers&#8217; (2007). A amizade, por\u00e9m, acabou se enfraquecendo, e eles passaram anos sem se falar, conforme LaBeouf revelou no document\u00e1rio &#8216;Megadoc&#8217; \u2014 que narra os bastidores do pol\u00eamico filme &#8216;Megal\u00f3polis&#8217; (2024). <\/p>\n<p class=\" content-text__container \" data-track-category=\"Link no Texto\" data-track-links=\"\"> &#8220;A primeira vers\u00e3o [do roteiro] que li foi h\u00e1 cerca de cinco anos. [O diretor Francis Ford Coppola] fez uma leitura de mesa. E, no per\u00edodo entre essa leitura e este filme, eu basicamente ferrei toda a minha vida&#8221;, LaBeouf relata em trecho do document\u00e1rio, segundo a revista Entertainment Weekly. &#8220;Eu estava tentando dar o nono passo num programa de reabilita\u00e7\u00e3o do qual participava, e tive que me reconciliar com Voight porque as vis\u00f5es pol\u00edticas dele e as minhas s\u00e3o muito diferentes. Eu o amo muito&#8221;. <\/p>\n<p class=\" content-text__container \" data-track-category=\"Link no Texto\" data-track-links=\"\"> &#8220;Ele foi como um mentor para mim desde jovem. Ele foi o primeiro ator de verdade que conheci, e foi o primeiro a me apresentar ao repert\u00f3rio de Dustin Hoffman\u2026 Ele sentava comigo numa sala para assistir a todos esses filmes, um atr\u00e1s do outro, e isso me fez me apaixonar pelo processo e pelo of\u00edcio, porque antes disso eu era apenas um garoto pobre ganhando dinheiro&#8221;, o famoso relembrou com carinho. <\/p>\n","protected":false},"excerpt":{"rendered":"O ator em quest\u00e3o \u00e9 Jon Voight, pai de Angelina Jolie e vencedor do Oscar de Melhor Ator&hellip;\n","protected":false},"author":2,"featured_media":73492,"comment_status":"","ping_status":"","sticky":false,"template":"","format":"standard","meta":{"footnotes":""},"categories":[145],"tags":[211,210,114,115,32,33],"class_list":{"0":"post-73491","1":"post","2":"type-post","3":"status-publish","4":"format-standard","5":"has-post-thumbnail","7":"category-celebridades","8":"tag-celebridades","9":"tag-celebrities","10":"tag-entertainment","11":"tag-entretenimento","12":"tag-portugal","13":"tag-pt"},"share_on_mastodon":{"url":"","error":""},"_links":{"self":[{"href":"https:\/\/www.europesays.com\/pt\/wp-json\/wp\/v2\/posts\/73491","targetHints":{"allow":["GET"]}}],"collection":[{"href":"https:\/\/www.europesays.com\/pt\/wp-json\/wp\/v2\/posts"}],"about":[{"href":"https:\/\/www.europesays.com\/pt\/wp-json\/wp\/v2\/types\/post"}],"author":[{"embeddable":true,"href":"https:\/\/www.europesays.com\/pt\/wp-json\/wp\/v2\/users\/2"}],"replies":[{"embeddable":true,"href":"https:\/\/www.europesays.com\/pt\/wp-json\/wp\/v2\/comments?post=73491"}],"version-history":[{"count":0,"href":"https:\/\/www.europesays.com\/pt\/wp-json\/wp\/v2\/posts\/73491\/revisions"}],"wp:featuredmedia":[{"embeddable":true,"href":"https:\/\/www.europesays.com\/pt\/wp-json\/wp\/v2\/media\/73492"}],"wp:attachment":[{"href":"https:\/\/www.europesays.com\/pt\/wp-json\/wp\/v2\/media?parent=73491"}],"wp:term":[{"taxonomy":"category","embeddable":true,"href":"https:\/\/www.europesays.com\/pt\/wp-json\/wp\/v2\/categories?post=73491"},{"taxonomy":"post_tag","embeddable":true,"href":"https:\/\/www.europesays.com\/pt\/wp-json\/wp\/v2\/tags?post=73491"}],"curies":[{"name":"wp","href":"https:\/\/api.w.org\/{rel}","templated":true}]}}