{"id":73599,"date":"2025-09-16T10:25:44","date_gmt":"2025-09-16T10:25:44","guid":{"rendered":"https:\/\/www.europesays.com\/pt\/73599\/"},"modified":"2025-09-16T10:25:44","modified_gmt":"2025-09-16T10:25:44","slug":"ex-gala-de-novelas-leonardo-vieira-ganha-elogios-apos-postar-foto-na-academia-meu-sonho-dos-anos-2000-ate-hoje-extra-online","status":"publish","type":"post","link":"https:\/\/www.europesays.com\/pt\/73599\/","title":{"rendered":"Ex-gal\u00e3 de novelas, Leonardo Vieira ganha elogios ap\u00f3s postar foto na academia: &#039;Meu sonho dos anos 2000 at\u00e9 hoje&#039; &#8211; Extra online"},"content":{"rendered":"<ol>\n<li><a href=\"https:\/\/news.google.com\/rss\/articles\/CBMi9wFBVV95cUxOaW5SVVRLTFdDaFdEODFYSlRYMkUzN1JlSmRhWXllZXJOTHdrN29wNFN4VS1UQ3F6QzYtUFJPeS1zVndiTjZ5ZFVJUnNmc1BIa0tnaVhJcVBRT3JtMVBLZUM3ek5tcVRnODhfZzlyNUZKN2hQX1VEUDlhN1VTNEpLem45bHNjdTZGWkFSR25mM3Ewd1VXX3kyMi1WbWFBRm5ycTJtMGJqQ0dyOGliT19tNVhFSnoxdUVIQ1ZFYmFZRjU1LXhrUW1qRFZfRkVxVzF6U2JnV3d6ZHdqNDYtYXo5eTNEWFZLcGFxX2xNN2JLc2VwbTFjSGtR0gGGAkFVX3lxTE9QRERFdFVXZWZsOExrYW4tX1lzdmZZdWpieVF1OEI3MjA2c3JrSi1NakRFalo3VjNqVnYwXzU2djcwVUFvWnB5U3daa1Jrb01JQ3pkZkUtMUpTYm4wVmRpZ1JPZjNIZzlPYVkyel9sZDBhbWkxQzBTUjZuSGhYeWZXMWpKUi1vWXF1TGNIakNYcnJ0ZVppbEdsRVZlSE5SbWJ6dlJyQVp0c2Q1MlVLMENoWVhTR19RZjl1YzdtQUUxU1dYNnZ0YkVmbVAzMXoyWG50N0ZzZU5ZazNXeHh6RjdrSFQ5Yk1vM3JqUU1XQWIxRXA3WW0tTVJGS0xXTGpzU1lKYjVRY1E?oc=5\" target=\"_blank\" rel=\"nofollow noopener\">Ex-gal\u00e3 de novelas, Leonardo Vieira ganha elogios ap\u00f3s postar foto na academia: &#8216;Meu sonho dos anos 2000 at\u00e9 hoje&#8217;<\/a>&nbsp;&nbsp;Extra online<\/li>\n<li><a href=\"https:\/\/news.google.com\/rss\/articles\/CBMivgFBVV95cUxQa3ZjcE5ZOUVMOFRUVWFaY09GRi1tX1BRTkFzQVpDTzdKN3JrQzAyYnIyVGV3V0diME80X0VOVm5nS3dHMGgyczhzbWhCdHIxTUxFQlY2V1cxQzItTk5FQnNHb19tMF9Rc1piaTNlQkhVeWhJNzQ5SWYySFlZQ0VtWm4yM1puRXBmamNDeS1DMWtBbEtfakx3ckhzZTJhVnh1WGRMcjZfWVVsMm5SdGUxUkQ3SWlWN052Uy1XQ0xB?oc=5\" target=\"_blank\" rel=\"nofollow noopener\">Aos 56, Leonardo Vieira posa na academia sem camisa e recebe elogios<\/a>&nbsp;&nbsp;UOL<\/li>\n<li><a href=\"https:\/\/news.google.com\/rss\/articles\/CBMiwwFBVV95cUxNZnJIVUt4elYtYzkya0d5bTlrUmNxQU81ZHlGQjJxam9NYmkzeG5vOTVZMFczSTR6Y0YzMnhoeVVMQTVYREI1bzd4eUpsUWl5Uzc1NWtCVWhWaVNzeldpYXRJLUtURm5hdmR4Y1JtTFM0Qjg3eUxFWFpjLWdOcjhpUG5aZTd2RGZDYlBHdlB1ZlYxOXd4UjNuT2FnTEpmdzAwY3B6OVBIS1UzR2dsMXVBQVhWeGRKNFRyM0U3V1dLVjhTUnM?oc=5\" target=\"_blank\" rel=\"nofollow noopener\">Leonardo Vieira, ex-gal\u00e3 de novelas, chama aten\u00e7\u00e3o nas redes ap\u00f3s foto na academia<\/a>&nbsp;&nbsp;Al\u00f4 Al\u00f4 Bahia<\/li>\n<li><a href=\"https:\/\/news.google.com\/rss\/articles\/CBMixgFBVV95cUxPNUxMZXBZY2lZU1NYZlUyYlF0N0hLcjNUVlAxeDczb2hZaWhVempMT1hVRlg0dE1LTjByZzIzT2YzSGxZd3o5NGdlQ0I1cGJua0hraDNLOC1EQXFSS0NFVzMxSkM0dXo0U2xSZFpXclpDMzdncnBYbXd3OTJSQ1RGWU43VnFtdHF4WDU3dVhGb0NlVE5WcnFmWmdFaEh3YUxkUEhmVWd5aXpIN2NzTFFqTlR3U2oyVXZSU3N6Sm1xQWUtWGZYWkHSAcsBQVVfeXFMT21RNlJaZ0FDZVE0VXBEd1dRSGxPdVkya1E1Nl9MemkzM3JtVGkxX0g0bUFualk3dTA5bm9ZMnJWQkgyV0wxN2JmbW1KX1RoQ0JXbnB0akZrV1A3OU01XzBhTEptaVJwbFUzYUZrNGJwS3NpMmczLXluREV0SzNPV283TzhBWFZ2TjBrbGJOV1dvVjhPWWc1a2xSRmFzeHRSZDZqSVplZkFoVmQzcFI5SnJFV1V6TTYtcVV1V3NTVmlqSUNEU3NUMFRDVlE?oc=5\" target=\"_blank\" rel=\"nofollow noopener\">Gal\u00e3 dos anos 90, Leonardo Vieira choca com antes e depois aos 56 anos: \u2018Que sabor\u2019<\/a>&nbsp;&nbsp;M\u00e1rcia Piovesan<\/li>\n<li><a href=\"https:\/\/news.google.com\/rss\/articles\/CBMihgFBVV95cUxQbXluSy0yVUtVM3hERDIwd1RiX3VnYTBBcUg5U0xqTWVQZkdvSTJOUlJIcjVURVhjb3I3RmNkcHhNaVZ5aWdLbjk0YzNlVmprOTVDR0VwQ0RSQ1NjNXFPU2FCSGdQaXJaZlJoR29KelNSLUtkd21BVGdZaFFoZUxJdnlfSjRuZw?oc=5\" target=\"_blank\" rel=\"nofollow noopener\">Ex-gal\u00e3 dos anos 90 exibe boa forma aos 56 anos<\/a>&nbsp;&nbsp;Folha de Curitiba<\/li>\n<\/ol>\n","protected":false},"excerpt":{"rendered":"Ex-gal\u00e3 de novelas, Leonardo Vieira ganha elogios ap\u00f3s postar foto na academia: &#8216;Meu sonho dos anos 2000 at\u00e9&hellip;\n","protected":false},"author":2,"featured_media":73600,"comment_status":"","ping_status":"","sticky":false,"template":"","format":"standard","meta":{"footnotes":""},"categories":[145],"tags":[211,210,114,115,32,33],"class_list":{"0":"post-73599","1":"post","2":"type-post","3":"status-publish","4":"format-standard","5":"has-post-thumbnail","7":"category-celebridades","8":"tag-celebridades","9":"tag-celebrities","10":"tag-entertainment","11":"tag-entretenimento","12":"tag-portugal","13":"tag-pt"},"share_on_mastodon":{"url":"","error":""},"_links":{"self":[{"href":"https:\/\/www.europesays.com\/pt\/wp-json\/wp\/v2\/posts\/73599","targetHints":{"allow":["GET"]}}],"collection":[{"href":"https:\/\/www.europesays.com\/pt\/wp-json\/wp\/v2\/posts"}],"about":[{"href":"https:\/\/www.europesays.com\/pt\/wp-json\/wp\/v2\/types\/post"}],"author":[{"embeddable":true,"href":"https:\/\/www.europesays.com\/pt\/wp-json\/wp\/v2\/users\/2"}],"replies":[{"embeddable":true,"href":"https:\/\/www.europesays.com\/pt\/wp-json\/wp\/v2\/comments?post=73599"}],"version-history":[{"count":0,"href":"https:\/\/www.europesays.com\/pt\/wp-json\/wp\/v2\/posts\/73599\/revisions"}],"wp:featuredmedia":[{"embeddable":true,"href":"https:\/\/www.europesays.com\/pt\/wp-json\/wp\/v2\/media\/73600"}],"wp:attachment":[{"href":"https:\/\/www.europesays.com\/pt\/wp-json\/wp\/v2\/media?parent=73599"}],"wp:term":[{"taxonomy":"category","embeddable":true,"href":"https:\/\/www.europesays.com\/pt\/wp-json\/wp\/v2\/categories?post=73599"},{"taxonomy":"post_tag","embeddable":true,"href":"https:\/\/www.europesays.com\/pt\/wp-json\/wp\/v2\/tags?post=73599"}],"curies":[{"name":"wp","href":"https:\/\/api.w.org\/{rel}","templated":true}]}}