{"id":73788,"date":"2025-09-16T13:15:31","date_gmt":"2025-09-16T13:15:31","guid":{"rendered":"https:\/\/www.europesays.com\/pt\/73788\/"},"modified":"2025-09-16T13:15:31","modified_gmt":"2025-09-16T13:15:31","slug":"sete-distritos-de-portugal-sob-calor-intenso","status":"publish","type":"post","link":"https:\/\/www.europesays.com\/pt\/73788\/","title":{"rendered":"Sete Distritos de Portugal Sob Calor Intenso"},"content":{"rendered":"<p>17 concelhos de quatro distritos em perigo m\u00e1ximo de inc\u00eandio<\/p>\n<p>Dezassete concelhos dos distritos da Guarda, Castelo Branco, Portalegre e Faro est\u00e3o esta ter\u00e7a-feira em perigo m\u00e1ximo de inc\u00eandio rural, segundo o Instituto Portugu\u00eas do Mar e da Atmosfera (IPMA).<\/p>\n<p>V\u00e1rios concelhos do interior norte e centro e Algarve est\u00e3o tamb\u00e9m em perigo muito elevado de inc\u00eandio rural, de acordo com o IPMA.<\/p>\n<p>Segundo o instituto, o perigo de inc\u00eandio rural vai agravar-se a partir de quarta-feira e pelo menos at\u00e9 ao fim de semana devido \u00e0 previs\u00e3o de tempo quente.<\/p>\n<p>Este perigo, determinado pelo IPMA, tem cinco n\u00edveis, que v\u00e3o de reduzido a m\u00e1ximo. Os c\u00e1lculos s\u00e3o obtidos a partir da temperatura do ar, humidade relativa, velocidade do vento e quantidade de precipita\u00e7\u00e3o nas \u00faltimas 24 horas.<\/p>\n<p>Por causa do tempo quente, o IPMA colocou os distritos de Bragan\u00e7a, Guarda, \u00c9vora, Vila Real, Beja, Castelo Branco e Portalegre sob aviso amarelo a partir das 09:00 desta ter\u00e7a-feira e at\u00e9 \u00e0s 18:00 de quinta-feira.<\/p>\n<p>Tamb\u00e9m a costa sul da ilha da Madeira vai estar sob aviso amarelo entre as 09:00 desta ter\u00e7a-feira e as 18:00 de quinta-feira devido \u00e0 persist\u00eancia de valores elevados da temperatura m\u00e1xima.<\/p>\n<p>O aviso amarelo, o menos grave de uma escala de tr\u00eas, \u00e9 emitido sempre que existe uma situa\u00e7\u00e3o de risco para determinadas atividades dependentes da situa\u00e7\u00e3o meteorol\u00f3gica.<\/p>\n<p>O IPMA prev\u00ea para esta ter\u00e7a-feira no continente c\u00e9u pouco nublado ou limpo, vento em geral fraco e pequena subida da temperatura m\u00e1xima, em especial nas regi\u00f5es norte e centro.<\/p>\n<p>As temperaturas m\u00ednimas v\u00e3o oscilar entre os 09 graus Celsius (em Braga) e os 21 (em Faro) e as m\u00e1ximas entre os 23 (em Aveiro) e os 37 (em \u00c9vora e Beja).<\/p>\n<p>Para o arquip\u00e9lago da Madeira, a previs\u00e3o aponta para c\u00e9u pouco nublado, vento fraco a moderado e pequena subida da temperatura m\u00e1xima, em especial nas terras altas.<\/p>\n<p>As temperaturas v\u00e3o oscilar entre os 21 e os 28 graus no Funchal e os 21 e os 25 no Porto Santo.<\/p>\n","protected":false},"excerpt":{"rendered":"17 concelhos de quatro distritos em perigo m\u00e1ximo de inc\u00eandio Dezassete concelhos dos distritos da Guarda, Castelo Branco,&hellip;\n","protected":false},"author":2,"featured_media":73789,"comment_status":"","ping_status":"","sticky":false,"template":"","format":"standard","meta":{"footnotes":""},"categories":[10],"tags":[27,28,2834,15,16,14,19439,25,26,21,22,12,13,19,20,32,23,24,33,17,18,29,30,31],"class_list":{"0":"post-73788","1":"post","2":"type-post","3":"status-publish","4":"format-standard","5":"has-post-thumbnail","7":"category-portugal","8":"tag-breaking-news","9":"tag-breakingnews","10":"tag-calor","11":"tag-featured-news","12":"tag-featurednews","13":"tag-headlines","14":"tag-ipma-instituto-portugues-do-mar-e-da-atmosfera","15":"tag-latest-news","16":"tag-latestnews","17":"tag-main-news","18":"tag-mainnews","19":"tag-news","20":"tag-noticias","21":"tag-noticias-principais","22":"tag-noticiasprincipais","23":"tag-portugal","24":"tag-principais-noticias","25":"tag-principaisnoticias","26":"tag-pt","27":"tag-top-stories","28":"tag-topstories","29":"tag-ultimas","30":"tag-ultimas-noticias","31":"tag-ultimasnoticias"},"share_on_mastodon":{"url":"","error":""},"_links":{"self":[{"href":"https:\/\/www.europesays.com\/pt\/wp-json\/wp\/v2\/posts\/73788","targetHints":{"allow":["GET"]}}],"collection":[{"href":"https:\/\/www.europesays.com\/pt\/wp-json\/wp\/v2\/posts"}],"about":[{"href":"https:\/\/www.europesays.com\/pt\/wp-json\/wp\/v2\/types\/post"}],"author":[{"embeddable":true,"href":"https:\/\/www.europesays.com\/pt\/wp-json\/wp\/v2\/users\/2"}],"replies":[{"embeddable":true,"href":"https:\/\/www.europesays.com\/pt\/wp-json\/wp\/v2\/comments?post=73788"}],"version-history":[{"count":0,"href":"https:\/\/www.europesays.com\/pt\/wp-json\/wp\/v2\/posts\/73788\/revisions"}],"wp:featuredmedia":[{"embeddable":true,"href":"https:\/\/www.europesays.com\/pt\/wp-json\/wp\/v2\/media\/73789"}],"wp:attachment":[{"href":"https:\/\/www.europesays.com\/pt\/wp-json\/wp\/v2\/media?parent=73788"}],"wp:term":[{"taxonomy":"category","embeddable":true,"href":"https:\/\/www.europesays.com\/pt\/wp-json\/wp\/v2\/categories?post=73788"},{"taxonomy":"post_tag","embeddable":true,"href":"https:\/\/www.europesays.com\/pt\/wp-json\/wp\/v2\/tags?post=73788"}],"curies":[{"name":"wp","href":"https:\/\/api.w.org\/{rel}","templated":true}]}}