{"id":73827,"date":"2025-09-16T13:47:11","date_gmt":"2025-09-16T13:47:11","guid":{"rendered":"https:\/\/www.europesays.com\/pt\/73827\/"},"modified":"2025-09-16T13:47:11","modified_gmt":"2025-09-16T13:47:11","slug":"castanho-esta-a-dominar-os-looks-das-famosas-inspire-se-nestas-escolhas","status":"publish","type":"post","link":"https:\/\/www.europesays.com\/pt\/73827\/","title":{"rendered":"Castanho est\u00e1 a dominar os looks das famosas. Inspire-se nestas escolhas"},"content":{"rendered":"<p>A Cor do Ano para 2025, escolhida pela Pantone Color Institute, foi Mocha Mousse &#8211; definido como &#8220;um tom de castanho simples e reconfortante&#8221;. Perante esta escolha, a cor ganhou espa\u00e7o nas tend\u00eancias de moda, lojas de roupa e, claro, nos looks das famosas.\u00a0<\/p>\n<p>Entre as celebridades, foram v\u00e1rias as que ao longo do ano se renderam ao castanho. A cor dominou o inverno, manteve-se nos visuais de primavera e at\u00e9 no ver\u00e3o teve espa\u00e7o.\u00a0<\/p>\n<p>S\u00f3nia Ara\u00fajo, Rita Pereira ou Cristina Ferreira est\u00e3o entre as famosas que nos \u00faltimos tempos t\u00eam adotado o castanho como a sua cor de elei\u00e7\u00e3o.\u00a0<\/p>\n<p>Cristina Ferreira escolheu para conduzir esta ter\u00e7a-feira, 16 de setembro, o programa &#8216;Dois \u00e0s 10&#8217;, da TVI, um visual com cal\u00e7as jeans castanhas. A pe\u00e7a foi combinada com uma camisa branca que contrastou com os jeans largos e deu um toque rom\u00e2ntico ao look.\u00a0<\/p>\n<p>A apresentadora, recorde-se, mudou recentemente o visual. Para dar in\u00edcio a uma nova etapa televisiva, a estreia de &#8216;Secret Story 9&#8217;, no qual tem papel de apresentadora principal, Cristina Ferreira resolveu fazer um corte radical de cabelo.\u00a0<\/p>\n<p>                                                    <img decoding=\"async\" src=\"https:\/\/www.europesays.com\/pt\/wp-content\/uploads\/2025\/09\/naom_68c7cb0dc10ed.jpg\" border=\"0\" alt=\"O vestido de Cristina Ferreira e novo look na 1.\u00aa gala do 'Secret Story'\"\/><\/p>\n<p>Para dar in\u00edcio a uma nova edi\u00e7\u00e3o do &#8216;Secret Story&#8217;, Cristina Ferreira escolheu um vestido branco e estreou tamb\u00e9m um novo look. A apresentadora est\u00e1 agora com o cabelo visivelmente mais curto.<\/p>\n<p>                                                     Not\u00edcias ao Minuto | 16:46 &#8211; 15\/09\/2025 <\/p>\n<p>J\u00e1 S\u00f3nia Ara\u00fajo tem usado diversos vestidos castanhos para se apresentar na antena da RTP1. A comunicadora \u00e9 uma refer\u00eancia de estilo para muitas mulheres e as suas escolhas simples e elegantes podem mesmo ser uma inspira\u00e7\u00e3o para estes dias em que o ver\u00e3o est\u00e1 prestes a terminar.\u00a0<\/p>\n<p>Rita Pereira, Sofia Ribeiro ou M\u00e1rcia Soares tamb\u00e9m se renderam ao castanho, utilizando looks em que a cor \u00e9 dominante ou usando pe\u00e7as desta cor que combinam com outras de cores contrastantes.\u00a0<\/p>\n<p>O ano de 2025 j\u00e1 est\u00e1 perto do fim, mas \u00e9 garantido que o castanho veio para ficar e continuar a ser tend\u00eancia no que \u00e0 moda diz respeito. Espreite a galeria para ver os looks castanhos das famosas e inspirar-se em visuais que poder\u00e1 recriar.\u00a0<\/p>\n<p>                                                    <img decoding=\"async\" src=\"https:\/\/www.europesays.com\/pt\/wp-content\/uploads\/2025\/09\/naom_68c7c81878eb7.jpg\" border=\"0\" alt=\"Os famosos mais bem vestidos da passadeira vermelha dos Emmy Awards\"\/><\/p>\n<p>Selena Gomez, Jenna Ortega ou Cate Blanchett s\u00e3o alguns dos rostos conhecidos que se destacaram na passadeira vermelha dos Emmy Awards pelo look que escolheram usar no evento. A gala decorreu no Peacock Theater, em Los Angeles.<\/p>\n<p>                                                     Not\u00edcias ao Minuto | 09:05 &#8211; 15\/09\/2025 <\/p>\n","protected":false},"excerpt":{"rendered":"A Cor do Ano para 2025, escolhida pela Pantone Color Institute, foi Mocha Mousse &#8211; definido como &#8220;um&hellip;\n","protected":false},"author":2,"featured_media":73828,"comment_status":"","ping_status":"","sticky":false,"template":"","format":"standard","meta":{"footnotes":""},"categories":[145],"tags":[211,210,114,115,32,33],"class_list":{"0":"post-73827","1":"post","2":"type-post","3":"status-publish","4":"format-standard","5":"has-post-thumbnail","7":"category-celebridades","8":"tag-celebridades","9":"tag-celebrities","10":"tag-entertainment","11":"tag-entretenimento","12":"tag-portugal","13":"tag-pt"},"share_on_mastodon":{"url":"","error":""},"_links":{"self":[{"href":"https:\/\/www.europesays.com\/pt\/wp-json\/wp\/v2\/posts\/73827","targetHints":{"allow":["GET"]}}],"collection":[{"href":"https:\/\/www.europesays.com\/pt\/wp-json\/wp\/v2\/posts"}],"about":[{"href":"https:\/\/www.europesays.com\/pt\/wp-json\/wp\/v2\/types\/post"}],"author":[{"embeddable":true,"href":"https:\/\/www.europesays.com\/pt\/wp-json\/wp\/v2\/users\/2"}],"replies":[{"embeddable":true,"href":"https:\/\/www.europesays.com\/pt\/wp-json\/wp\/v2\/comments?post=73827"}],"version-history":[{"count":0,"href":"https:\/\/www.europesays.com\/pt\/wp-json\/wp\/v2\/posts\/73827\/revisions"}],"wp:featuredmedia":[{"embeddable":true,"href":"https:\/\/www.europesays.com\/pt\/wp-json\/wp\/v2\/media\/73828"}],"wp:attachment":[{"href":"https:\/\/www.europesays.com\/pt\/wp-json\/wp\/v2\/media?parent=73827"}],"wp:term":[{"taxonomy":"category","embeddable":true,"href":"https:\/\/www.europesays.com\/pt\/wp-json\/wp\/v2\/categories?post=73827"},{"taxonomy":"post_tag","embeddable":true,"href":"https:\/\/www.europesays.com\/pt\/wp-json\/wp\/v2\/tags?post=73827"}],"curies":[{"name":"wp","href":"https:\/\/api.w.org\/{rel}","templated":true}]}}