{"id":73854,"date":"2025-09-16T14:09:09","date_gmt":"2025-09-16T14:09:09","guid":{"rendered":"https:\/\/www.europesays.com\/pt\/73854\/"},"modified":"2025-09-16T14:09:09","modified_gmt":"2025-09-16T14:09:09","slug":"principe-laurent-da-belgica-reconhece-filho-com-25-anos","status":"publish","type":"post","link":"https:\/\/www.europesays.com\/pt\/73854\/","title":{"rendered":"Pr\u00edncipe Laurent da B\u00e9lgica reconhece filho com 25 anos"},"content":{"rendered":"<p>A Casa Real belga enfrenta uma nova pol\u00e9mica, desta vez protagonizada pelo pr\u00edncipe Laurent, irm\u00e3o do rei Philippe e primo afastado do rei Carlos III do Reino Unido. Ap\u00f3s 25 anos de especula\u00e7\u00f5es, o pr\u00edncipe reconheceu publicamente a paternidade de Cl\u00e9ment Vandenkerckhove, fruto de uma rela\u00e7\u00e3o com a atriz e cantora Iris Vandenkerckhove, mais conhecida pelo nome art\u00edstico Wendy Van Wanten, na d\u00e9cada de 90. O casal nunca assumiu publicamente o relacionamento, mas foi visto em eventos reais, nomeadamente o casamento do pr\u00edncipe Eduardo de Inglaterra, em 1999.<\/p>\n<p data-remotead-prev-elm=\"true\" data-remotead-elm-id=\"inread\">Em declara\u00e7\u00f5es \u00e0 imprensa belga, Laurent afirmou: &#8220;Convers\u00e1mos aberta e honestamente sobre este assunto nos \u00faltimos anos. Este an\u00fancio resulta de um sentimento de compreens\u00e3o e respeito por todos os envolvidos&#8221;. O pr\u00edncipe apelou ainda \u00e0 &#8220;discri\u00e7\u00e3o&#8221; em torno do que considera ser um &#8220;assunto \u00edntimo&#8221;, acrescentando que n\u00e3o far\u00e1 mais coment\u00e1rios sobre o caso.<\/p>\n<p>O an\u00fancio coincide com a estreia do document\u00e1rio &#8220;Clement, Son of&#8230;&#8221;, que ser\u00e1 transmitido pelo canal belga VTM e contar\u00e1, em primeira m\u00e3o, com o testemunho de Cl\u00e9ment Vandenkerckhove.<\/p>\n<p data-remotead-prev-elm=\"true\" data-remotead-elm-id=\"centro1\">Para al\u00e9m de Cl\u00e9ment, o pr\u00edncipe Laurent, 15.\u00ba na linha de sucess\u00e3o ao trono belga, \u00e9 pai de mais tr\u00eas filhos: Louise, de 21 anos, e os g\u00e9meos Nicolas e Aymeric, de 19, nascidos do casamento que mant\u00e9m h\u00e1 22 anos com Claire Coombs.<\/p>\n","protected":false},"excerpt":{"rendered":"A Casa Real belga enfrenta uma nova pol\u00e9mica, desta vez protagonizada pelo pr\u00edncipe Laurent, irm\u00e3o do rei Philippe&hellip;\n","protected":false},"author":2,"featured_media":73855,"comment_status":"","ping_status":"","sticky":false,"template":"","format":"standard","meta":{"footnotes":""},"categories":[85],"tags":[3917,114,115,8697,19459,32,33],"class_list":{"0":"post-73854","1":"post","2":"type-post","3":"status-publish","4":"format-standard","5":"has-post-thumbnail","7":"category-entretenimento","8":"tag-belgica","9":"tag-entertainment","10":"tag-entretenimento","11":"tag-familia-real","12":"tag-ntv","13":"tag-portugal","14":"tag-pt"},"share_on_mastodon":{"url":"","error":""},"_links":{"self":[{"href":"https:\/\/www.europesays.com\/pt\/wp-json\/wp\/v2\/posts\/73854","targetHints":{"allow":["GET"]}}],"collection":[{"href":"https:\/\/www.europesays.com\/pt\/wp-json\/wp\/v2\/posts"}],"about":[{"href":"https:\/\/www.europesays.com\/pt\/wp-json\/wp\/v2\/types\/post"}],"author":[{"embeddable":true,"href":"https:\/\/www.europesays.com\/pt\/wp-json\/wp\/v2\/users\/2"}],"replies":[{"embeddable":true,"href":"https:\/\/www.europesays.com\/pt\/wp-json\/wp\/v2\/comments?post=73854"}],"version-history":[{"count":0,"href":"https:\/\/www.europesays.com\/pt\/wp-json\/wp\/v2\/posts\/73854\/revisions"}],"wp:featuredmedia":[{"embeddable":true,"href":"https:\/\/www.europesays.com\/pt\/wp-json\/wp\/v2\/media\/73855"}],"wp:attachment":[{"href":"https:\/\/www.europesays.com\/pt\/wp-json\/wp\/v2\/media?parent=73854"}],"wp:term":[{"taxonomy":"category","embeddable":true,"href":"https:\/\/www.europesays.com\/pt\/wp-json\/wp\/v2\/categories?post=73854"},{"taxonomy":"post_tag","embeddable":true,"href":"https:\/\/www.europesays.com\/pt\/wp-json\/wp\/v2\/tags?post=73854"}],"curies":[{"name":"wp","href":"https:\/\/api.w.org\/{rel}","templated":true}]}}