{"id":73888,"date":"2025-09-16T14:37:06","date_gmt":"2025-09-16T14:37:06","guid":{"rendered":"https:\/\/www.europesays.com\/pt\/73888\/"},"modified":"2025-09-16T14:37:06","modified_gmt":"2025-09-16T14:37:06","slug":"quem-e-goncalo-moreira-o-jogador-que-marcou-um-poker-e-foi-substituido","status":"publish","type":"post","link":"https:\/\/www.europesays.com\/pt\/73888\/","title":{"rendered":"Quem \u00e9 Gon\u00e7alo Moreira? O jogador que marcou um poker e foi substitu\u00eddo"},"content":{"rendered":"<p>A <a href=\"https:\/\/maisfutebol.iol.pt\/uefa-youth-league\/benfica\/videos-benfica-atropela-qarabag-por-7-1-na-estreia-na-youth-league\" target=\"_blank\" rel=\"nofollow noopener\">goleada do Benfica na UEFA Youth League frente ao Qarabag por 7-1<\/a> teve um nome em destaque: Gon\u00e7alo Moreira.<\/p>\n<p>O m\u00e9dio de 19 anos marcou um poker em cerca de 20 minutos, no entanto, acabou substitu\u00eddo ao intervalo por V\u00edtor Vinha, treinador da forma\u00e7\u00e3o encarnada. Ficou a um golo do recorde de mais golos num s\u00f3 jogo que pertence a quatro jogadores: Bilal Mazhar (Panathinaikos 8-0 Slavia Sofia, 2022\/23). Ivan Ignatev (Krasnodar 9-0 Kairat Almaty, 2017\/18), Mergim Berisha (Salzburg 8-1 Kairat Almaty, 2016\/17) e Fatih Aktay (Alt\u0131nordu 6-2 Sparta Praha, 2016\/17).<\/p>\n<p>Mas quem \u00e9 este \u00abatacante irrequieto\u00bb como lhe costumam chamar os colegas, como divulgou numa entrevista ao Canal 11 em 2024.<\/p>\n<p>Gon\u00e7alo Moreira, natural da Maia, come\u00e7ou a jogar no Pedrou\u00e7os e passou pelas Casas do Benfica de Fafe e da P\u00f3voa de Lanhoso, por onde tamb\u00e9m passaram Diogo Costa (FC Porto) e Vitinha (PSG). Em 2018 chegou ao Benfica Campus e destacou-se desde cedo.<\/p>\n<p>Campe\u00e3o nacional de Juvenis em 2023, foi o melhor marcador da competi\u00e7\u00e3o com 26 tentos em 31 jogos, mostrando logo o \u00abfaro\u00bb para o golo.<\/p>\n<p>Com a camisola por dentro dos cal\u00e7\u00f5es, faz lembrar um tal de Jo\u00e3o Neves que brilhou, por pouco tempo \u00e9 verdade, ao servi\u00e7o da equipa principal dos encarnados, um objetivo bem assente para Gon\u00e7alo Moreira.<\/p>\n<p>\u00abOs meus objetivos s\u00e3o, como sempre, o de ganhar pelo clube e estrear-me neste est\u00e1dio, \u00e9 um sonho que tenho desde crian\u00e7a, desde muito pequenino, mesmo, vou trabalhar e fazer por isso\u00bb, disse quando <a href=\"https:\/\/maisfutebol.iol.pt\/benfica\/goncalo-moreira\/oficial-goncalo-moreira-renova-contrato-com-o-benfica\" target=\"_blank\" rel=\"nofollow noopener\">renovou o contrato em maio de 2024<\/a>.<\/p>\n<p>Na \u00faltima temporada, entre as equipas sub-19 e sub-23 do Benfica, realizou 37 jogos tendo marcado por 19 ocasi\u00f5es. No final, sagrou-se campe\u00e3o da Ta\u00e7a Revela\u00e7\u00e3o de sub-23.<\/p>\n<p>Gon\u00e7alo Moreira \u00e9 ainda presen\u00e7a ass\u00eddua nas sele\u00e7\u00f5es jovens de Portugal. O m\u00e9dio de 19 anos realizou j\u00e1 38 jogos pelos v\u00e1rios escal\u00f5es com seis golos marcados.<\/p>\n<p>\u00c9, sem d\u00favida, um nome a ter em conta nos pr\u00f3ximos anos e mais um produto da academia do Benfica.<\/p>\n","protected":false},"excerpt":{"rendered":"A goleada do Benfica na UEFA Youth League frente ao Qarabag por 7-1 teve um nome em destaque:&hellip;\n","protected":false},"author":2,"featured_media":73889,"comment_status":"","ping_status":"","sticky":false,"template":"","format":"standard","meta":{"footnotes":""},"categories":[87],"tags":[51,135,19467,46,19466,32,33,47,134,19468],"class_list":{"0":"post-73888","1":"post","2":"type-post","3":"status-publish","4":"format-standard","5":"has-post-thumbnail","7":"category-desporto","8":"tag-benfica","9":"tag-desporto","10":"tag-goncalo-moreira","11":"tag-maisfutebol","12":"tag-perfil","13":"tag-portugal","14":"tag-pt","15":"tag-pura-paixao","16":"tag-sports","17":"tag-uefa-youth-league"},"share_on_mastodon":{"url":"","error":""},"_links":{"self":[{"href":"https:\/\/www.europesays.com\/pt\/wp-json\/wp\/v2\/posts\/73888","targetHints":{"allow":["GET"]}}],"collection":[{"href":"https:\/\/www.europesays.com\/pt\/wp-json\/wp\/v2\/posts"}],"about":[{"href":"https:\/\/www.europesays.com\/pt\/wp-json\/wp\/v2\/types\/post"}],"author":[{"embeddable":true,"href":"https:\/\/www.europesays.com\/pt\/wp-json\/wp\/v2\/users\/2"}],"replies":[{"embeddable":true,"href":"https:\/\/www.europesays.com\/pt\/wp-json\/wp\/v2\/comments?post=73888"}],"version-history":[{"count":0,"href":"https:\/\/www.europesays.com\/pt\/wp-json\/wp\/v2\/posts\/73888\/revisions"}],"wp:featuredmedia":[{"embeddable":true,"href":"https:\/\/www.europesays.com\/pt\/wp-json\/wp\/v2\/media\/73889"}],"wp:attachment":[{"href":"https:\/\/www.europesays.com\/pt\/wp-json\/wp\/v2\/media?parent=73888"}],"wp:term":[{"taxonomy":"category","embeddable":true,"href":"https:\/\/www.europesays.com\/pt\/wp-json\/wp\/v2\/categories?post=73888"},{"taxonomy":"post_tag","embeddable":true,"href":"https:\/\/www.europesays.com\/pt\/wp-json\/wp\/v2\/tags?post=73888"}],"curies":[{"name":"wp","href":"https:\/\/api.w.org\/{rel}","templated":true}]}}