{"id":73917,"date":"2025-09-16T15:03:21","date_gmt":"2025-09-16T15:03:21","guid":{"rendered":"https:\/\/www.europesays.com\/pt\/73917\/"},"modified":"2025-09-16T15:03:21","modified_gmt":"2025-09-16T15:03:21","slug":"manutencao-eletrica-da-carris-cai-28-entre-2021-e-2024","status":"publish","type":"post","link":"https:\/\/www.europesays.com\/pt\/73917\/","title":{"rendered":"Manuten\u00e7\u00e3o El\u00e9trica da Carris Cai 28% entre 2021 e 2024"},"content":{"rendered":"<p>Na sequ\u00eancia do acidente no elevador da Gl\u00f3ria, ocorrido em 3 de setembro, o presidente da C\u00e2mara de Lisboa garantiu que os custos de manuten\u00e7\u00e3o da empresa aumentaram 30% no seu mandato. Na verdade, em termos reais os custos diminu\u00edram 28% no que respeita \u00e0 manuten\u00e7\u00e3o da infraestrutura el\u00e9trica &#8212; que inclui os ascensores como o da Gl\u00f3ria.FOTO: GERARDO SANTOS<\/p>\n<p><a aria-label=\"author-image\" href=\"https:\/\/www.dn.pt\/author\/fernanda-cancio-3\" rel=\"nofollow noopener\" target=\"_blank\"><img decoding=\"async\" src=\"data:image\/gif;base64,R0lGODlhAQABAAD\/ACwAAAAAAQABAAACADs=\" alt=\"Fernanda C\u00e2ncio\" width=\"100%\" height=\"100%\"  class=\"qt-image\"\/><\/a>Publicado a:\u00a0<\/p>\n<p>15 Set 2025, 22:58<\/p>\n<p>Loading content, please wait&#8230;<\/p>\n","protected":false},"excerpt":{"rendered":"Na sequ\u00eancia do acidente no elevador da Gl\u00f3ria, ocorrido em 3 de setembro, o presidente da C\u00e2mara de&hellip;\n","protected":false},"author":2,"featured_media":73918,"comment_status":"","ping_status":"","sticky":false,"template":"","format":"standard","meta":{"footnotes":""},"categories":[8],"tags":[27,28,6827,3766,17138,17373,306,15,16,14,1215,25,26,21,22,12,13,19,20,32,23,24,33,1717,17,18,29,30,31],"class_list":{"0":"post-73917","1":"post","2":"type-post","3":"status-publish","4":"format-standard","5":"has-post-thumbnail","7":"category-principais-noticias","8":"tag-breaking-news","9":"tag-breakingnews","10":"tag-camara-de-lisboa","11":"tag-carlos-moedas","12":"tag-carris","13":"tag-descarrilamento-do-elevador-da-gloria","14":"tag-edicao-impressa","15":"tag-featured-news","16":"tag-featurednews","17":"tag-headlines","18":"tag-inflacao","19":"tag-latest-news","20":"tag-latestnews","21":"tag-main-news","22":"tag-mainnews","23":"tag-news","24":"tag-noticias","25":"tag-noticias-principais","26":"tag-noticiasprincipais","27":"tag-portugal","28":"tag-principais-noticias","29":"tag-principaisnoticias","30":"tag-pt","31":"tag-seguranca","32":"tag-top-stories","33":"tag-topstories","34":"tag-ultimas","35":"tag-ultimas-noticias","36":"tag-ultimasnoticias"},"share_on_mastodon":{"url":"","error":""},"_links":{"self":[{"href":"https:\/\/www.europesays.com\/pt\/wp-json\/wp\/v2\/posts\/73917","targetHints":{"allow":["GET"]}}],"collection":[{"href":"https:\/\/www.europesays.com\/pt\/wp-json\/wp\/v2\/posts"}],"about":[{"href":"https:\/\/www.europesays.com\/pt\/wp-json\/wp\/v2\/types\/post"}],"author":[{"embeddable":true,"href":"https:\/\/www.europesays.com\/pt\/wp-json\/wp\/v2\/users\/2"}],"replies":[{"embeddable":true,"href":"https:\/\/www.europesays.com\/pt\/wp-json\/wp\/v2\/comments?post=73917"}],"version-history":[{"count":0,"href":"https:\/\/www.europesays.com\/pt\/wp-json\/wp\/v2\/posts\/73917\/revisions"}],"wp:featuredmedia":[{"embeddable":true,"href":"https:\/\/www.europesays.com\/pt\/wp-json\/wp\/v2\/media\/73918"}],"wp:attachment":[{"href":"https:\/\/www.europesays.com\/pt\/wp-json\/wp\/v2\/media?parent=73917"}],"wp:term":[{"taxonomy":"category","embeddable":true,"href":"https:\/\/www.europesays.com\/pt\/wp-json\/wp\/v2\/categories?post=73917"},{"taxonomy":"post_tag","embeddable":true,"href":"https:\/\/www.europesays.com\/pt\/wp-json\/wp\/v2\/tags?post=73917"}],"curies":[{"name":"wp","href":"https:\/\/api.w.org\/{rel}","templated":true}]}}