{"id":73919,"date":"2025-09-16T15:04:10","date_gmt":"2025-09-16T15:04:10","guid":{"rendered":"https:\/\/www.europesays.com\/pt\/73919\/"},"modified":"2025-09-16T15:04:10","modified_gmt":"2025-09-16T15:04:10","slug":"a-fazenda-17-conheca-todos-os-participantes-da-edicao-g1","status":"publish","type":"post","link":"https:\/\/www.europesays.com\/pt\/73919\/","title":{"rendered":"&#039;A Fazenda 17&#039;: Conhe\u00e7a todos os participantes da edi\u00e7\u00e3o &#8211; G1"},"content":{"rendered":"<ol>\n<li><a href=\"https:\/\/news.google.com\/rss\/articles\/CBMivAFBVV95cUxPTjRwZDZKMXktdkdWdHdtLWtUZDhzMVItU0NmdUxEbEhzN3BWWkhfWlFKeHlIaVhOdmhMMnlwTS1WZU56Zjh1NDM4a1RQRWp3OGlKTDEzbm10WW5Ua2JKTTdFaXprWHVORUFMb2RZRXliM1JDOWp6NWdyOURMaHdqNDBtZ0Vfel9vZTZ1TWFvWklhaTI4YjJRcjc2c3pFVzZhU0ZGZi1lbmdWWUk1WGItTWJxZlh3RllhVXVFatIBywFBVV95cUxORzBUdjR3a1hIQTBEZFhmbFR2b1dQd21mTExVTlhhWjhtSkdjbkJmOVAyZmNNTUVRWmFOX1VmN21mV1VTeWtkblFiSlB4bjNaalZndG5KT0lFa3g1ZExMUUhvNjF2N1JJWDFvZkFDYzZhRkZZRE11MmJEbzA0MmNudUxfcVVSSzFwZUdYZGFQQ0E5YklrYkNSbG1fclVsMzlGNGlvVWFfenJsS2lpX2xxdTIxcEphUlc5ekFDRi1vUDJ4VXp4WFQ4VWhqNA?oc=5\" target=\"_blank\" rel=\"nofollow noopener\">&#8216;A Fazenda 17&#8217;: Conhe\u00e7a todos os participantes da edi\u00e7\u00e3o<\/a>&nbsp;&nbsp;G1<\/li>\n<li><a href=\"https:\/\/news.google.com\/rss\/articles\/CBMiuAFBVV95cUxNZ3J0cVZ4bUZ3YURVU3ZaT2luaTUxUzdvOURlMEpEaDNRYkpxTmZjeW5Wend5cVRoQ09RZzQ3MnJGSTRUckFWYnhvVWxETXdGaV9jVE9pMi1EdTJwbFVNc1BGbHJCZExuTkFjemFCS3lKZU1Ub21PZlFUNVRIM0pjRUhIOTdycm42d0ZfUlFySFRqZnRNQTdyVXEzajQ1Smt5N2x0R0w2VEI2QVMtMDF6RW5MOGdiT24x0gG-AUFVX3lxTE9Db3hFSGJFZVgwMTBYZHFBZnF5ZEhMcXA3ejEzRVpVSVJOcHBVbGUyNU92QVNMOWhZUUhqUUt2Ny1FMXI3U1E4ODltOGd3TnVBZ1hCVGxYV2FSNWdRSUxscUpRQmVBZEoyOVNZY0s2LXh0Q25DVDVtVkxfMUFYdG0wcDVTY2taYW5fRW4xMjQycVhPWnNFcHZpX0V0eVF1SFBSbXZ6a2lSdEpBR0NUZ0JDakFRaUp0NU51ZHcwX1E?oc=5\" target=\"_blank\" rel=\"nofollow noopener\">Com presen\u00e7a da atriz de &#8216;A Usurpadora&#8217;, estreia de &#8216;A Fazenda 17&#8217; &#8216;quebra&#8217; internet<\/a>&nbsp;&nbsp;O Dia<\/li>\n<li><a href=\"https:\/\/news.google.com\/rss\/articles\/CBMifEFVX3lxTE55dTJwbGdnOGtaTzZicERuQ0pGeFJBcGo3alNfazI0b0sxdjc0M0xmam5TRXpYOXctSG9aaktIeTJGNFVWYWNNY1RvSExKZllXWUJ4bS1yWFdybi1zRGYwb1E5V2ZWR0Q2SGxQSERya1RMQ2Q2NEkzcHU2bXbSAYIBQVVfeXFMTjI3R2ZHc3h5RTZsNkhNYThpTTVIbWtPTjBLbjB5VnB3eHdPcmJFc1hCdFAyM28zakxIQWtISXlwM0d4Z2xJWXk3cnUyS1ZvRHVpaEVpbk5DWVZtVFZPdkh3aXQtaUlaRUNmTW96SktZVWZIVkZ6UTJPa3l5ajRHQW9Hdw?oc=5\" target=\"_blank\" rel=\"nofollow noopener\">A Fazenda 17 | Quem s\u00e3o os participantes infiltrados e o que eles fazem?<\/a>&nbsp;&nbsp;Omelete<\/li>\n<li><a href=\"https:\/\/news.google.com\/rss\/articles\/CBMivAFBVV95cUxPRUN5ZkpUZFZnSFNzaG9yS1BnQ3VyOG1JTFdJX0pXZjJ5d2hPS2ZOYklzeHUtTWhCRE1SSWlQaGdfNkE3djliRkFReElGY1BydHo2V21NbVp0THN4UmZjcGdFTVpOUVc1RGVBNjByUVcybnkxTF82MXo4QmVyaTFobXVXY1FEdnJicjZObmhqVlRROURsOEx0bWx0RUVmN1VEX1JSaUF0TmtvdTA2SkVBbk9vT0pZYVdEcHRUTg?oc=5\" target=\"_blank\" rel=\"nofollow noopener\">Adriane Galisteu \u00e9 detonada por erro grave em A Fazenda 17: \u2018Conseguiu estragar\u2019<\/a>&nbsp;&nbsp;R\u00e1dio Itatiaia<\/li>\n<li><a href=\"https:\/\/news.google.com\/rss\/articles\/CBMiowFBVV95cUxQZE1zUWlvd3AySkFtMng1ZEZxU01QZDZwZFdSUmh6YklLM1BDNW5JNi1zZEJ5NHhycGlLaTJSeWxWTTE5aGRJbUZzU3czeUw3dnVEeDB3QURYcjNwa1FGSjVEWExORVE2aGNKMnNMNkNQVzNwWkJBcGdhMTFqNzFwNGc4Y0ZLYkVGdW9SQzFKTkFYYS1UQy16QWw5UXItYTdWTEtF?oc=5\" target=\"_blank\" rel=\"nofollow noopener\">Saiba quem s\u00e3o os participantes da \u201cA Fazenda 17\u201d<\/a>&nbsp;&nbsp;Correio do Povo<\/li>\n<\/ol>\n","protected":false},"excerpt":{"rendered":"&#8216;A Fazenda 17&#8217;: Conhe\u00e7a todos os participantes da edi\u00e7\u00e3o&nbsp;&nbsp;G1 Com presen\u00e7a da atriz de &#8216;A Usurpadora&#8217;, estreia de&hellip;\n","protected":false},"author":2,"featured_media":73920,"comment_status":"","ping_status":"","sticky":false,"template":"","format":"standard","meta":{"footnotes":""},"categories":[145],"tags":[211,210,114,115,32,33],"class_list":{"0":"post-73919","1":"post","2":"type-post","3":"status-publish","4":"format-standard","5":"has-post-thumbnail","7":"category-celebridades","8":"tag-celebridades","9":"tag-celebrities","10":"tag-entertainment","11":"tag-entretenimento","12":"tag-portugal","13":"tag-pt"},"share_on_mastodon":{"url":"","error":""},"_links":{"self":[{"href":"https:\/\/www.europesays.com\/pt\/wp-json\/wp\/v2\/posts\/73919","targetHints":{"allow":["GET"]}}],"collection":[{"href":"https:\/\/www.europesays.com\/pt\/wp-json\/wp\/v2\/posts"}],"about":[{"href":"https:\/\/www.europesays.com\/pt\/wp-json\/wp\/v2\/types\/post"}],"author":[{"embeddable":true,"href":"https:\/\/www.europesays.com\/pt\/wp-json\/wp\/v2\/users\/2"}],"replies":[{"embeddable":true,"href":"https:\/\/www.europesays.com\/pt\/wp-json\/wp\/v2\/comments?post=73919"}],"version-history":[{"count":0,"href":"https:\/\/www.europesays.com\/pt\/wp-json\/wp\/v2\/posts\/73919\/revisions"}],"wp:featuredmedia":[{"embeddable":true,"href":"https:\/\/www.europesays.com\/pt\/wp-json\/wp\/v2\/media\/73920"}],"wp:attachment":[{"href":"https:\/\/www.europesays.com\/pt\/wp-json\/wp\/v2\/media?parent=73919"}],"wp:term":[{"taxonomy":"category","embeddable":true,"href":"https:\/\/www.europesays.com\/pt\/wp-json\/wp\/v2\/categories?post=73919"},{"taxonomy":"post_tag","embeddable":true,"href":"https:\/\/www.europesays.com\/pt\/wp-json\/wp\/v2\/tags?post=73919"}],"curies":[{"name":"wp","href":"https:\/\/api.w.org\/{rel}","templated":true}]}}