{"id":73921,"date":"2025-09-16T15:10:05","date_gmt":"2025-09-16T15:10:05","guid":{"rendered":"https:\/\/www.europesays.com\/pt\/73921\/"},"modified":"2025-09-16T15:10:05","modified_gmt":"2025-09-16T15:10:05","slug":"benfica-u19-x-qarabag-u19-maisfutebol","status":"publish","type":"post","link":"https:\/\/www.europesays.com\/pt\/73921\/","title":{"rendered":"Benfica U19 X Qaraba\u011f U19 &#8211; Maisfutebol"},"content":{"rendered":"<ol>\n<li><a href=\"https:\/\/news.google.com\/rss\/articles\/CBMickFVX3lxTFBnWmZVVUVhT3FWY3NJbk4xTUVIczdCMGlTN1JpUkFXN2RnZl9VMmpNeHRtWVF5RmJSZURfQmk4Z3dsSzRIdm1mNW9uWjlCZ1RaZHBmVnNhdm43Y2xuSG5RM1RrQXZXRjNIT3Y2VlZQNnhhZw?oc=5\" target=\"_blank\" rel=\"nofollow noopener\">Benfica U19 X Qaraba\u011f U19<\/a>&nbsp;&nbsp;Maisfutebol<\/li>\n<li><a href=\"https:\/\/news.google.com\/rss\/articles\/CBMitAFBVV95cUxNdHpCTkx2TWl5UWpBT3h1NzlVUVFHUTJNZ0g2UUlubjlZYVlfWDltZ1BzbU9FQWdvdm9LVExXamZDc1JjdHFwUGpmemY3bmFBeFRmTVdmNlpGelB2X20yRWtfaXU1bzdSZUJFQmxVUERWTk5vNktram5WNlZDTlM4NmVmODJOQVZ3X3VJR2QyMTYyVFNrYW5XbUxodzliUjQxenVKakFBODVFNzVBeDhHWnRhc0Y?oc=5\" target=\"_blank\" rel=\"nofollow noopener\">Youth League: Qarabag foi presa f\u00e1cil para um Benfica avassalador<\/a>&nbsp;&nbsp;A Bola<\/li>\n<li><a href=\"https:\/\/news.google.com\/rss\/articles\/CBMi1wFBVV95cUxPemsyU1ZSU29DMmd5d2FKYlNmdEpOZlhBREdxM1o3bFBmRWxtREtSbXNPRUtUeU8zQWJLNVJPY2hCTml0YjJGaFF2Nk1iajR6UEhCRDhJajE4aVdtdHVuNzVIcnprcnJlM21CRFhKSk9LU3JKeXB1UzJMMHJGQ1ItU19sNHF1Vkt5VUVmT0FSRzY2UDQzeW10bGhsVU82X1RaZDAzN1RIb0p0WWoybGRoZ1lWSEMwSFZMY2VVUXMzdE04aU1HY1ZONk03S1VVeTQ2Tzlvd1Fhdw?oc=5\" target=\"_blank\" rel=\"nofollow noopener\">Entrar com o p\u00e9 direito no palco europeu<\/a>&nbsp;&nbsp;Site Oficial do Sport Lisboa e Benfica<\/li>\n<li><a href=\"https:\/\/news.google.com\/rss\/articles\/CBMiogFBVV95cUxNMkFsbXpfd3FjQ3hFdGljMThBVHo2ODQ2VzV2aUxpZjFiY25kNEdnMGNUcld2N2tYekxTVjlzMFp1SHZKRGliWVJ6c3JaSVlZV2lERFQ2UHM3MkRBbVRudzYwLXk1QWFCUHpyWnJhY1ZSVUF3QkY4YWVHa1c1dUhUUEQyY3FPWjJKS1M1aF9XOFBNTnRYTkg1NkJYdUFCREdqZmc?oc=5\" target=\"_blank\" rel=\"nofollow noopener\">Benfica x Qarabag &#8211; Resumo, Destaques e Cr\u00f3nica do Jogo<\/a>&nbsp;&nbsp;SAPO<\/li>\n<li><a href=\"https:\/\/news.google.com\/rss\/articles\/CBMiywFBVV95cUxPN2ZVckRjcTF0dHNXOS15VzA4Nk5EanVwdVh0eWF1T29wbDQtbUstY3hKYjdzZlJqSXI5UDgzaXlpM2FEY00tTG1XTzNuSjlrZ3VUTVg3OGpnLWdEQ0ZuUTFyVVd4SFQtUWRhaGM0MDE3SEtWM2kyb0QzUXlITVA5RktTTmpLdzhQQzNGeDFqSUdHa3FNSWExUTRqazByTEQ1NVJyQjVya1JlVzhJUXh0eURxY28tVnc4WWVJNFZHazVvNmhCZTUwNVE3aw?oc=5\" target=\"_blank\" rel=\"nofollow noopener\">Gon\u00e7alo Moreira d\u00e1 espet\u00e1culo pelo Benfica: eis o percurso do jovem avan\u00e7ado<\/a>&nbsp;&nbsp;Bola na Rede<\/li>\n<\/ol>\n","protected":false},"excerpt":{"rendered":"Benfica U19 X Qaraba\u011f U19&nbsp;&nbsp;Maisfutebol Youth League: Qarabag foi presa f\u00e1cil para um Benfica avassalador&nbsp;&nbsp;A Bola Entrar com&hellip;\n","protected":false},"author":2,"featured_media":23772,"comment_status":"","ping_status":"","sticky":false,"template":"","format":"standard","meta":{"footnotes":""},"categories":[87],"tags":[19477,135,32,33,47,19478,134],"class_list":{"0":"post-73921","1":"post","2":"type-post","3":"status-publish","4":"format-standard","5":"has-post-thumbnail","7":"category-desporto","8":"tag-benfica-u19","9":"tag-desporto","10":"tag-portugal","11":"tag-pt","12":"tag-pura-paixao","13":"tag-qarabag-u19","14":"tag-sports"},"share_on_mastodon":{"url":"","error":""},"_links":{"self":[{"href":"https:\/\/www.europesays.com\/pt\/wp-json\/wp\/v2\/posts\/73921","targetHints":{"allow":["GET"]}}],"collection":[{"href":"https:\/\/www.europesays.com\/pt\/wp-json\/wp\/v2\/posts"}],"about":[{"href":"https:\/\/www.europesays.com\/pt\/wp-json\/wp\/v2\/types\/post"}],"author":[{"embeddable":true,"href":"https:\/\/www.europesays.com\/pt\/wp-json\/wp\/v2\/users\/2"}],"replies":[{"embeddable":true,"href":"https:\/\/www.europesays.com\/pt\/wp-json\/wp\/v2\/comments?post=73921"}],"version-history":[{"count":0,"href":"https:\/\/www.europesays.com\/pt\/wp-json\/wp\/v2\/posts\/73921\/revisions"}],"wp:featuredmedia":[{"embeddable":true,"href":"https:\/\/www.europesays.com\/pt\/wp-json\/wp\/v2\/media\/23772"}],"wp:attachment":[{"href":"https:\/\/www.europesays.com\/pt\/wp-json\/wp\/v2\/media?parent=73921"}],"wp:term":[{"taxonomy":"category","embeddable":true,"href":"https:\/\/www.europesays.com\/pt\/wp-json\/wp\/v2\/categories?post=73921"},{"taxonomy":"post_tag","embeddable":true,"href":"https:\/\/www.europesays.com\/pt\/wp-json\/wp\/v2\/tags?post=73921"}],"curies":[{"name":"wp","href":"https:\/\/api.w.org\/{rel}","templated":true}]}}