{"id":73938,"date":"2025-09-16T15:32:07","date_gmt":"2025-09-16T15:32:07","guid":{"rendered":"https:\/\/www.europesays.com\/pt\/73938\/"},"modified":"2025-09-16T15:32:07","modified_gmt":"2025-09-16T15:32:07","slug":"presidenciais-andre-ventura-avanca-com-candidatura-a-belem","status":"publish","type":"post","link":"https:\/\/www.europesays.com\/pt\/73938\/","title":{"rendered":"Presidenciais. Andr\u00e9 Ventura avan\u00e7a com candidatura a Bel\u00e9m"},"content":{"rendered":"<p>&#13;<br \/>\nAndr\u00e9 Ventura j\u00e1 avan\u00e7ara com a possibilidade de candidatar-se \u00e0 presid\u00eancia de Portugal, cujas elei\u00e7\u00f5es acontecem a janeiro de 2026.&#13;\n<\/p>\n<p>&#13;<br \/>\n<b>&#8220;Se quiserem, e entenderem que devo ir, aqui estarei. Se entenderem que n\u00e3o devo ir, aqui estarei. Se entenderem que outro ou outra e, quem, deve ir, aqui estarei tamb\u00e9m, como aquele que melhor vos representa&#8221;<\/b>, afirmou, no discurso de abertura do Conselho Nacional, na \u00faltima sexta-feira.&#13;\n<\/p>\n<p>Andr\u00e9 Ventura defendeu uma candidatura do partido, sem entrar em &#8220;aventuras loucas&#8221; para que o Chega n\u00e3o seja afetado por resultados desastrosos.<\/p>\n<p><b>&#8220;N\u00e3o devemos dar aos portugueses candidaturas vazias, sem significado ou sem impacto&#8221;<\/b> e escolher algu\u00e9m que seja desconhecido para os eleitores, continuou no Conselho Nacional.<\/p>\n<p>Para Andr\u00e9 Ventura, <b>o grande objetivo \u00e9 o Chega disputar a segunda volta das elei\u00e7\u00f5es presidenciais.<\/b><br \/>&#13;\n<\/p>\n<p>&#13;<br \/>\nO l\u00edder do Chega junta-se a outras candidaturas confirmadas para o cargo da presid\u00eancia da Rep\u00fablica, juntamente com o <b>Almirante Henrique Gouveia e Melo, Lu\u00eds Marques Mendes, Jo\u00e3o Cotrim de Figueiredo, Ant\u00f3nio Jos\u00e9 Seguro, Ant\u00f3nio Filipe e Catarina Martins<\/b>.&#13;<\/p>\n","protected":false},"excerpt":{"rendered":"&#13; Andr\u00e9 Ventura j\u00e1 avan\u00e7ara com a possibilidade de candidatar-se \u00e0 presid\u00eancia de Portugal, cujas elei\u00e7\u00f5es acontecem a&hellip;\n","protected":false},"author":2,"featured_media":73939,"comment_status":"","ping_status":"","sticky":false,"template":"","format":"standard","meta":{"footnotes":""},"categories":[8],"tags":[3980,3386,4508,27,28,1736,15,16,14,25,26,21,22,12,13,19,20,32,5215,3281,23,24,33,17,18,29,30,31],"class_list":{"0":"post-73938","1":"post","2":"type-post","3":"status-publish","4":"format-standard","5":"has-post-thumbnail","7":"category-principais-noticias","8":"tag-3980","9":"tag-andre-ventura","10":"tag-belem","11":"tag-breaking-news","12":"tag-breakingnews","13":"tag-chega","14":"tag-featured-news","15":"tag-featurednews","16":"tag-headlines","17":"tag-latest-news","18":"tag-latestnews","19":"tag-main-news","20":"tag-mainnews","21":"tag-news","22":"tag-noticias","23":"tag-noticias-principais","24":"tag-noticiasprincipais","25":"tag-portugal","26":"tag-presidenciais","27":"tag-presidente","28":"tag-principais-noticias","29":"tag-principaisnoticias","30":"tag-pt","31":"tag-top-stories","32":"tag-topstories","33":"tag-ultimas","34":"tag-ultimas-noticias","35":"tag-ultimasnoticias"},"share_on_mastodon":{"url":"","error":""},"_links":{"self":[{"href":"https:\/\/www.europesays.com\/pt\/wp-json\/wp\/v2\/posts\/73938","targetHints":{"allow":["GET"]}}],"collection":[{"href":"https:\/\/www.europesays.com\/pt\/wp-json\/wp\/v2\/posts"}],"about":[{"href":"https:\/\/www.europesays.com\/pt\/wp-json\/wp\/v2\/types\/post"}],"author":[{"embeddable":true,"href":"https:\/\/www.europesays.com\/pt\/wp-json\/wp\/v2\/users\/2"}],"replies":[{"embeddable":true,"href":"https:\/\/www.europesays.com\/pt\/wp-json\/wp\/v2\/comments?post=73938"}],"version-history":[{"count":0,"href":"https:\/\/www.europesays.com\/pt\/wp-json\/wp\/v2\/posts\/73938\/revisions"}],"wp:featuredmedia":[{"embeddable":true,"href":"https:\/\/www.europesays.com\/pt\/wp-json\/wp\/v2\/media\/73939"}],"wp:attachment":[{"href":"https:\/\/www.europesays.com\/pt\/wp-json\/wp\/v2\/media?parent=73938"}],"wp:term":[{"taxonomy":"category","embeddable":true,"href":"https:\/\/www.europesays.com\/pt\/wp-json\/wp\/v2\/categories?post=73938"},{"taxonomy":"post_tag","embeddable":true,"href":"https:\/\/www.europesays.com\/pt\/wp-json\/wp\/v2\/tags?post=73938"}],"curies":[{"name":"wp","href":"https:\/\/api.w.org\/{rel}","templated":true}]}}