{"id":73940,"date":"2025-09-16T15:33:10","date_gmt":"2025-09-16T15:33:10","guid":{"rendered":"https:\/\/www.europesays.com\/pt\/73940\/"},"modified":"2025-09-16T15:33:10","modified_gmt":"2025-09-16T15:33:10","slug":"francisco-monteiro-emite-importante-comunicado-e-deixa-garantia","status":"publish","type":"post","link":"https:\/\/www.europesays.com\/pt\/73940\/","title":{"rendered":"Francisco Monteiro emite importante comunicado e deixa garantia"},"content":{"rendered":"<p><a href=\"https:\/\/selfie.iol.pt\/famosos\/big-brother\/barbara-parada-mostra-se-sem-anel-de-francisco-monteiro-por-motivo-muito-assustador\/20250914\/68c67ef6d34e58bc6795b53e\" target=\"_blank\" rel=\"nofollow noopener\">Francisco Monteiro<\/a> recorreu \u00e0s redes sociais para fazer um pedido especial aos f\u00e3s. A conta principal de Instagram encontra-se temporariamente indispon\u00edvel, mas a comunica\u00e7\u00e3o com os seguidores continua atrav\u00e9s de uma nova conta.<\/p>\n<p>A Team Zaza, equipa oficial de apoio a <a href=\"https:\/\/selfie.iol.pt\/famosos\/francisco-monteiro\/apos-ser-chantageado-francisco-monteiro-partilha-novidade-veja-a-imagem\/20250909\/68bfd548d34e58bc67957abc\" target=\"_blank\" rel=\"nofollow noopener\">Francisco Monteiro<\/a>, publicou um apelo nas redes: &#8220;Amoritos, vamos todos seguir a nova conta do @zaza1995_ enquanto a conta oficial n\u00e3o fica dispon\u00edvel!&#8221;<\/p>\n<p>O pr\u00f3prio deixou, ainda, uma garantia na nova conta: &#8220;Estarei por aqui enquanto a minha verdadeira conta n\u00e3o voltar, para que consigam acompanhar um bocadinho do meu dia a dia.&#8221;<\/p>\n<p>Veja, agora, a story\u00a0que\u00a0<a href=\"https:\/\/selfie.iol.pt\/famosos\/francisco-monteiro\/francisco-monteiro-e-barbara-parada-partilham-novidade-este-mes\/20250903\/68b82708d34ef72ee44a1a54\" target=\"_blank\" rel=\"nofollow noopener\">Francisco Monteiro<\/a> partilhou com os seguidores na conta nova.<\/p>\n<p style=\"text-align:center\"><img loading=\"lazy\" decoding=\"async\" alt=\"\" height=\"711\" src=\"https:\/\/www.europesays.com\/pt\/wp-content\/uploads\/2025\/09\/68c9521ed34e58bc6795cb41.webp\" width=\"400\"\/><\/p>\n<p>\u00a0<\/p>\n","protected":false},"excerpt":{"rendered":"Francisco Monteiro recorreu \u00e0s redes sociais para fazer um pedido especial aos f\u00e3s. A conta principal de Instagram&hellip;\n","protected":false},"author":2,"featured_media":36197,"comment_status":"","ping_status":"","sticky":false,"template":"","format":"standard","meta":{"footnotes":""},"categories":[145],"tags":[48,211,210,1318,114,115,980,2071,1015,619,32,33,1014,1012],"class_list":{"0":"post-73940","1":"post","2":"type-post","3":"status-publish","4":"format-standard","5":"has-post-thumbnail","7":"category-celebridades","8":"tag-big-brother","9":"tag-celebridades","10":"tag-celebrities","11":"tag-comunicado","12":"tag-entertainment","13":"tag-entretenimento","14":"tag-famosos","15":"tag-francisco-monteiro","16":"tag-instagram","17":"tag-nacional","18":"tag-portugal","19":"tag-pt","20":"tag-reality-show","21":"tag-selfie"},"share_on_mastodon":{"url":"","error":""},"_links":{"self":[{"href":"https:\/\/www.europesays.com\/pt\/wp-json\/wp\/v2\/posts\/73940","targetHints":{"allow":["GET"]}}],"collection":[{"href":"https:\/\/www.europesays.com\/pt\/wp-json\/wp\/v2\/posts"}],"about":[{"href":"https:\/\/www.europesays.com\/pt\/wp-json\/wp\/v2\/types\/post"}],"author":[{"embeddable":true,"href":"https:\/\/www.europesays.com\/pt\/wp-json\/wp\/v2\/users\/2"}],"replies":[{"embeddable":true,"href":"https:\/\/www.europesays.com\/pt\/wp-json\/wp\/v2\/comments?post=73940"}],"version-history":[{"count":0,"href":"https:\/\/www.europesays.com\/pt\/wp-json\/wp\/v2\/posts\/73940\/revisions"}],"wp:featuredmedia":[{"embeddable":true,"href":"https:\/\/www.europesays.com\/pt\/wp-json\/wp\/v2\/media\/36197"}],"wp:attachment":[{"href":"https:\/\/www.europesays.com\/pt\/wp-json\/wp\/v2\/media?parent=73940"}],"wp:term":[{"taxonomy":"category","embeddable":true,"href":"https:\/\/www.europesays.com\/pt\/wp-json\/wp\/v2\/categories?post=73940"},{"taxonomy":"post_tag","embeddable":true,"href":"https:\/\/www.europesays.com\/pt\/wp-json\/wp\/v2\/tags?post=73940"}],"curies":[{"name":"wp","href":"https:\/\/api.w.org\/{rel}","templated":true}]}}