{"id":73942,"date":"2025-09-16T15:38:07","date_gmt":"2025-09-16T15:38:07","guid":{"rendered":"https:\/\/www.europesays.com\/pt\/73942\/"},"modified":"2025-09-16T15:38:07","modified_gmt":"2025-09-16T15:38:07","slug":"quarteto-fantastico-primeiros-passos-onde-assistir-ao-filme","status":"publish","type":"post","link":"https:\/\/www.europesays.com\/pt\/73942\/","title":{"rendered":"Quarteto Fant\u00e1stico: Primeiros Passos | Onde assistir ao filme"},"content":{"rendered":"<p>Do cinema para sua casa:\u00a0<strong>Quarteto Fant\u00e1stico: Primeiros Passos<\/strong>,\u00a0o mais recente filme do\u00a0<strong>MCU<\/strong>, j\u00e1 tem data para chegar \u00e0s lojas digitais. Saiba mais a seguir.<\/p>\n<p>Foi confirmado que o filme chegar\u00e1 \u00e0s lojas digitais dos Estados Unidos em 23 de setembro. Uma data pr\u00f3xima deve ser confirmada para o Brasil em breve. No <strong>Disney+<\/strong>, o filme segue sem previs\u00e3o, mas \u00e9 prov\u00e1vel que chegue ainda em 2025.<\/p>\n<p>      Tudo sobre\u00a0Quarteto Fant\u00e1stico: Primeiros Passos<\/p>\n<p>No novo Quarteto Fant\u00e1stico,\u00a0Pedro\u00a0Pascal\u00a0(The Last of Us)\u00a0interpreta o l\u00edder do grupo, Reed Richards (Sr. Fant\u00e1stico), enquanto\u00a0Vanessa\u00a0Kirby\u00a0(Miss\u00e3o: Imposs\u00edvel &#8211; Acerto de Contas)\u00a0faz sua esposa, Sue Storm (Mulher-Invis\u00edvel). Completando a fam\u00edlia temos\u00a0Joseph\u00a0Quinn\u00a0(Stranger Things) como Johnny Storm (Tocha-Humana)\u00a0e\u00a0Ebon Moss-Bachrach\u00a0(O Urso, Justiceiro) como Ben Grimm (O Coisa).\u00a0<\/p>\n<p data-gtm-vis-first-on-screen67967661_30=\"11739\" data-gtm-vis-has-fired67967661_30=\"1\" data-gtm-vis-total-visible-time67967661_30=\"100\">Ralph\u00a0Ineson\u00a0(A Bruxa, A Lenda do Cavaleiro Verde)\u00a0faz o grande vil\u00e3o, Galactus e\u00a0Julia Garner\u00a0(Ozark) interpreta uma vers\u00e3o alternativa do Surfista Prateado, Shalla-Bal. \u00c9 esperado que Franklin Richards, filho de Reed e Sue, apare\u00e7a na hist\u00f3ria.\u00a0Natasha\u00a0Lyonne\u00a0(Boneca Russa) e Paul\u00a0Walter\u00a0Hauser\u00a0(Divertida Mente 2)\u00a0completam o elenco.\u00a0Matt Shakman, que dirigiu\u00a0WandaVision, comanda o filme, substituindo\u00a0Jon Watts\u00a0(trilogia de Homem-Aranha de Tom Holland), que era o diretor original.<\/p>\n<p data-gtm-vis-first-on-screen67967661_30=\"11739\" data-gtm-vis-has-fired67967661_30=\"1\" data-gtm-vis-total-visible-time67967661_30=\"100\">Terceira vers\u00e3o do Quarteto Fant\u00e1stico, o primeiro grande grupo de her\u00f3is dos quadrinhos da\u00a0Marvel, nos cinemas, este \u00e9 um dos projetos mais importantes dentro do\u00a0Marvel Studios. Ainda n\u00e3o sabemos muito sobre sua hist\u00f3ria, al\u00e9m de que n\u00e3o veremos a origem da fam\u00edlia, e que a aventura se passa numa Nova York retrofuturista de outro universo. H\u00e1 rumores de que o\u00a0Doutor Destino de\u00a0Robert Downey Jr.\u00a0far\u00e1 uma apari\u00e7\u00e3o.<\/p>\n<p data-gtm-vis-first-on-screen67967661_30=\"14204\" data-gtm-vis-has-fired67967661_30=\"1\" data-gtm-vis-total-visible-time67967661_30=\"100\">Quarteto Fant\u00e1stico: Primeiros Passos\u00a0estreia nos cinemas brasileiros em\u00a024 de julho de 2025. Ele come\u00e7ar\u00e1 a Fase 6 do\u00a0MCU, que terminar\u00e1 com\u00a0Vingadores: Doomsday\u00a0e\u00a0Vingadores: Guerras Secretas\u00a0em 2026 e 2027, respectivamente. Os filmes trazem Robert Downey Jr., que interpretou o lend\u00e1rio Homem de Ferro na Marvel, como o vil\u00e3o Doutor Destino, principal algoz do Quarteto.<\/p>\n","protected":false},"excerpt":{"rendered":"Do cinema para sua casa:\u00a0Quarteto Fant\u00e1stico: Primeiros Passos,\u00a0o mais recente filme do\u00a0MCU, j\u00e1 tem data para chegar \u00e0s&hellip;\n","protected":false},"author":2,"featured_media":73943,"comment_status":"","ping_status":"","sticky":false,"template":"","format":"standard","meta":{"footnotes":""},"categories":[140],"tags":[114,115,147,148,146,32,33],"class_list":{"0":"post-73942","1":"post","2":"type-post","3":"status-publish","4":"format-standard","5":"has-post-thumbnail","7":"category-filmes","8":"tag-entertainment","9":"tag-entretenimento","10":"tag-film","11":"tag-filmes","12":"tag-movies","13":"tag-portugal","14":"tag-pt"},"share_on_mastodon":{"url":"","error":""},"_links":{"self":[{"href":"https:\/\/www.europesays.com\/pt\/wp-json\/wp\/v2\/posts\/73942","targetHints":{"allow":["GET"]}}],"collection":[{"href":"https:\/\/www.europesays.com\/pt\/wp-json\/wp\/v2\/posts"}],"about":[{"href":"https:\/\/www.europesays.com\/pt\/wp-json\/wp\/v2\/types\/post"}],"author":[{"embeddable":true,"href":"https:\/\/www.europesays.com\/pt\/wp-json\/wp\/v2\/users\/2"}],"replies":[{"embeddable":true,"href":"https:\/\/www.europesays.com\/pt\/wp-json\/wp\/v2\/comments?post=73942"}],"version-history":[{"count":0,"href":"https:\/\/www.europesays.com\/pt\/wp-json\/wp\/v2\/posts\/73942\/revisions"}],"wp:featuredmedia":[{"embeddable":true,"href":"https:\/\/www.europesays.com\/pt\/wp-json\/wp\/v2\/media\/73943"}],"wp:attachment":[{"href":"https:\/\/www.europesays.com\/pt\/wp-json\/wp\/v2\/media?parent=73942"}],"wp:term":[{"taxonomy":"category","embeddable":true,"href":"https:\/\/www.europesays.com\/pt\/wp-json\/wp\/v2\/categories?post=73942"},{"taxonomy":"post_tag","embeddable":true,"href":"https:\/\/www.europesays.com\/pt\/wp-json\/wp\/v2\/tags?post=73942"}],"curies":[{"name":"wp","href":"https:\/\/api.w.org\/{rel}","templated":true}]}}