{"id":73951,"date":"2025-09-16T15:44:17","date_gmt":"2025-09-16T15:44:17","guid":{"rendered":"https:\/\/www.europesays.com\/pt\/73951\/"},"modified":"2025-09-16T15:44:17","modified_gmt":"2025-09-16T15:44:17","slug":"portugal-e-caso-distinto-na-europa-o-dinheiro-faz-diferenca","status":"publish","type":"post","link":"https:\/\/www.europesays.com\/pt\/73951\/","title":{"rendered":"Portugal \u00e9 &#8220;caso distinto&#8221; na Europa. O dinheiro faz diferen\u00e7a"},"content":{"rendered":"<p class=\"wp-caption-text top\">ZAP<\/p>\n<p><img decoding=\"async\" loading=\"lazy\" class=\"size-kopa-image-size-3 wp-image-676961\" src=\"https:\/\/www.europesays.com\/pt\/wp-content\/uploads\/2025\/09\/316e5436030870e184db67090e1d0435-783x450.jpg\" alt=\"\" width=\"700\" height=\"402\"  \/><\/p>\n<p><strong>J\u00e1 est\u00e1 perto de menos de metade, mas a m\u00e9dia portuguesa \u00e9 bem superior \u00e0 europeia. Rendimento de cada pa\u00eds origina contrastes.<\/strong><\/p>\n<p>O Inqu\u00e9rito Internacional da Gallup International (EoY) foi realizado em 42 pa\u00edses de todo o mundo. Em Portugal, foi conduzido pela Intercampus.<\/p>\n<p>Ap\u00f3s mais de 43 mil entrevistas sobre o posicionamento face \u00e0 <strong>religi\u00e3o,<\/strong> entre outubro de 2024 e fevereiro de 2025, verificou-se que <strong>Portugal \u00e9 um \u201ccaso distinto\u201d na Europa<\/strong>, como se l\u00ea em comunicado enviado ao ZAP.<\/p>\n<p>A <strong>m\u00e9dia europeia \u00e9 de 37%<\/strong> de crentes e praticantes religiosos. Mas em <strong>Portugal<\/strong> a percentagem sobe para <strong>52%.<\/strong> Tem vindo a descer mas ainda se situa acima de metade da popula\u00e7\u00e3o.<\/p>\n<p>33% dos inquiridos em Portugal disseram n\u00e3o ser religioso e apenas 11% responderam que s\u00e3o ateus convictos.<\/p>\n<p>\u00c9 uma \u201cposi\u00e7\u00e3o singular\u201d no contexto europeu, j\u00e1 que na Europa a maior percentagem (44%) \u00e9 de pessoas que n\u00e3o \u00e9 praticante religiosa. 11% respondeu ser ateu.<\/p>\n<p>Assim, os 52% de religiosos em Portugal est\u00e3o claramente mais perto da<strong> m\u00e9dia mundial (55%)<\/strong> em vez dos 52% na Europa.<\/p>\n<p>O pa\u00eds com mais crentes e praticantes religiosos \u00e9 o <strong>Paquist\u00e3o<\/strong> (94%), \u00e0 frente de Qu\u00e9nia (93%), Ge\u00f3rgia (93%) e Iraque (92%).<\/p>\n<p>No outro extremo, a <strong>China<\/strong> \u00e9 o pa\u00eds com <strong>mais ateus<\/strong> (58%), seguida por Jap\u00e3o (31%) e Coreia do Sul (23%).<\/p>\n<p>Este estudo tamb\u00e9m mostra que a liga\u00e7\u00e3o \u00e0 religi\u00e3o est\u00e1 fortemente associado a fatores como: g\u00e9nero, educa\u00e7\u00e3o e rendimento dos pa\u00edses.<\/p>\n<p>As <strong>mulheres<\/strong> (58%) s\u00e3o mais religiosas do que os <strong>homens<\/strong> (51%), como j\u00e1 acontecia.<\/p>\n<p>Entre os inquiridos com <strong>estudos<\/strong> mais avan\u00e7ados, 50% \u00e9 crente; entre quem tem menos n\u00edvel de escolaridade, a percentagem sobe claramente para 67%.<\/p>\n<p>A diferen\u00e7a mais evidente verifica-se no <strong>rendimento do pa\u00eds<\/strong>: nos pa\u00edses mais ricos, 36% dos inquiridos disseram ser religiosos; nos pa\u00edses com rendimento\u00a0menor, foram 78%.<\/p>\n<p>No global, a queda \u00e9 evidente: h\u00e1 20 anos, 68% dos inquiridos em todo o planeta afirmavam ser religiosos; agora s\u00e3o 55%.<\/p>\n<p>    <a href=\"https:\/\/zap.aeiou.pt\/subscrever-newsletter\" data-wpel-link=\"internal\" rel=\"nofollow noopener\" target=\"_blank\">&#13;<br \/>\n        <img loading=\"lazy\" decoding=\"async\" class=\"aligncenter size-full wp-image-575475\" src=\"https:\/\/www.europesays.com\/pt\/wp-content\/uploads\/2025\/09\/2d51fe4a0ba54894421ead1809309ed9-1-450x140.jpg\" alt=\"Subscreva a Newsletter ZAP\" width=\"450\" height=\"140\"\/>&#13;<br \/>\n    <\/a><\/p>\n<p>                <a href=\"https:\/\/whatsapp.com\/channel\/0029VaIC4EE2f3EJZPPSbR34\" data-wpel-link=\"external\" target=\"_blank\" rel=\"nofollow external noopener noreferrer\" class=\"ext-link\">&#13;<br \/>\n                    <img loading=\"lazy\" decoding=\"async\" class=\"aligncenter size-full wp-image-575475\" src=\"https:\/\/www.europesays.com\/pt\/wp-content\/uploads\/2025\/09\/c68c559d956d4ca20f435ed74a6e71e6.png\" alt=\"Siga-nos no WhatsApp\" width=\"175\" height=\"64\"\/>&#13;<br \/>\n                <\/a><\/p>\n<p>                <a href=\"https:\/\/news.google.com\/publications\/CAAiEHRwZondIV71PDjWNoqMduEqFAgKIhB0cGaJ3SFe9Tw41jaKjHbh?hl=en-US&amp;gl=US&amp;ceid=US%3Aen\" data-wpel-link=\"external\" target=\"_blank\" rel=\"nofollow external noopener noreferrer\" class=\"ext-link\">&#13;<br \/>\n                    <img loading=\"lazy\" decoding=\"async\" class=\"aligncenter size-full wp-image-575475\" src=\"https:\/\/www.europesays.com\/pt\/wp-content\/uploads\/2025\/09\/5123dd8b087b644fdb8f8603acd1bad4.png\" alt=\"Siga-nos no Google News\" width=\"176\" height=\"64\"\/>&#13;<br \/>\n                <\/a><\/p>\n","protected":false},"excerpt":{"rendered":"ZAP J\u00e1 est\u00e1 perto de menos de metade, mas a m\u00e9dia portuguesa \u00e9 bem superior \u00e0 europeia. Rendimento&hellip;\n","protected":false},"author":2,"featured_media":73952,"comment_status":"","ping_status":"","sticky":false,"template":"","format":"standard","meta":{"footnotes":""},"categories":[50],"tags":[27,28,1347,15,16,14,3516,25,26,21,22,62,12,13,19,20,23,24,4516,17,18,29,30,31,63,64,65],"class_list":{"0":"post-73951","1":"post","2":"type-post","3":"status-publish","4":"format-standard","5":"has-post-thumbnail","7":"category-mundo","8":"tag-breaking-news","9":"tag-breakingnews","10":"tag-estudo","11":"tag-featured-news","12":"tag-featurednews","13":"tag-headlines","14":"tag-inquerito","15":"tag-latest-news","16":"tag-latestnews","17":"tag-main-news","18":"tag-mainnews","19":"tag-mundo","20":"tag-news","21":"tag-noticias","22":"tag-noticias-principais","23":"tag-noticiasprincipais","24":"tag-principais-noticias","25":"tag-principaisnoticias","26":"tag-religiao","27":"tag-top-stories","28":"tag-topstories","29":"tag-ultimas","30":"tag-ultimas-noticias","31":"tag-ultimasnoticias","32":"tag-world","33":"tag-world-news","34":"tag-worldnews"},"share_on_mastodon":{"url":"","error":""},"_links":{"self":[{"href":"https:\/\/www.europesays.com\/pt\/wp-json\/wp\/v2\/posts\/73951","targetHints":{"allow":["GET"]}}],"collection":[{"href":"https:\/\/www.europesays.com\/pt\/wp-json\/wp\/v2\/posts"}],"about":[{"href":"https:\/\/www.europesays.com\/pt\/wp-json\/wp\/v2\/types\/post"}],"author":[{"embeddable":true,"href":"https:\/\/www.europesays.com\/pt\/wp-json\/wp\/v2\/users\/2"}],"replies":[{"embeddable":true,"href":"https:\/\/www.europesays.com\/pt\/wp-json\/wp\/v2\/comments?post=73951"}],"version-history":[{"count":0,"href":"https:\/\/www.europesays.com\/pt\/wp-json\/wp\/v2\/posts\/73951\/revisions"}],"wp:featuredmedia":[{"embeddable":true,"href":"https:\/\/www.europesays.com\/pt\/wp-json\/wp\/v2\/media\/73952"}],"wp:attachment":[{"href":"https:\/\/www.europesays.com\/pt\/wp-json\/wp\/v2\/media?parent=73951"}],"wp:term":[{"taxonomy":"category","embeddable":true,"href":"https:\/\/www.europesays.com\/pt\/wp-json\/wp\/v2\/categories?post=73951"},{"taxonomy":"post_tag","embeddable":true,"href":"https:\/\/www.europesays.com\/pt\/wp-json\/wp\/v2\/tags?post=73951"}],"curies":[{"name":"wp","href":"https:\/\/api.w.org\/{rel}","templated":true}]}}