{"id":73957,"date":"2025-09-16T15:47:10","date_gmt":"2025-09-16T15:47:10","guid":{"rendered":"https:\/\/www.europesays.com\/pt\/73957\/"},"modified":"2025-09-16T15:47:10","modified_gmt":"2025-09-16T15:47:10","slug":"tive-de-arranjar-uma-nova-linguagem-para-continuarmos-a-comunicar","status":"publish","type":"post","link":"https:\/\/www.europesays.com\/pt\/73957\/","title":{"rendered":"Tive de arranjar uma nova linguagem para continuarmos a comunicar"},"content":{"rendered":"<p>O estado de sa\u00fade de <a href=\"https:\/\/famashow.pt\/pesquisa?q=Bruce+Willis\" target=\"_blank\" rel=\"noreferrer noopener nofollow\"><strong>Bruce Willis<\/strong><\/a>, de 70 anos, continua a ser uma preocupa\u00e7\u00e3o para toda a sua fam\u00edlia e, naturalmente, para os amigos e para os milhares de f\u00e3s.<\/p>\n<p>O ator, que enfrenta uma dura luta contra a afasia e dem\u00eancia, <strong>foi recentemente institucionalizado &#8211;<\/strong><strong> <\/strong><a href=\"https:\/\/famashow.pt\/famosos\/2025-08-27-mulher-de-bruce-willis-quebra-silencio---ator-obrigado-a-sair-de-casa-883e3616\" target=\"_blank\" rel=\"noreferrer noopener nofollow\"><strong>estando a viver numa outra casa, com acompanhamento m\u00e9dico de 24 horas<\/strong><\/a>. A decis\u00e3o foi tomada pela atual mulher, <a href=\"https:\/\/famashow.pt\/pesquisa?q=Emma+Heming+Willis\" target=\"_blank\" rel=\"noreferrer noopener nofollow\"><strong>Emma Heming Willis<\/strong><\/a>, que confessou n\u00e3o reunir mais as condi\u00e7\u00f5es necess\u00e1rias para cuidar do companheiro.<\/p>\n<p>No entanto, este \u00e9 um tema que mant\u00e9m-se como &#8220;<strong>dif\u00edcil<\/strong>&#8220;, sobretudo para a esposa do artista, que desde ent\u00e3o tem visto o seu nome ser alvo de <strong>v\u00e1rios coment\u00e1rios negativos, e bastantes cr\u00edticas<\/strong>. Heming j\u00e1 fez quest\u00e3o de se defender (e de ser <strong>apoiada<\/strong>), <a href=\"https:\/\/famashow.pt\/famosos\/2025-09-12-a-minha-decisao-nao-esta-aberta-a-debate---mulher-de-bruce-willis-da-murro-na-mesa-2aaa3a7a\" target=\"_blank\" rel=\"noreferrer noopener nofollow\">afirmando que as suas decis\u00f5es &#8220;n\u00e3o est\u00e1 aberta a debate&#8221;.<\/a><\/p>\n<p>Recentemente, em entrevista ao &#8216;The Times&#8217;, a empres\u00e1ria deu mais detalhes sobre o atual estado de sa\u00fade do marido, assumindo mesmo que os dois encontraram &#8220;uma nova linguagem&#8221; para conseguirem continuar a comunicar.<\/p>\n<p>Como cita o &#8216;<a href=\"https:\/\/www.independent.co.uk\/life-style\/bruce-willis-wife-emma-heming-dementia-b2826489.html\" target=\"_blank\" rel=\"noreferrer noopener nofollow\">The Independent<\/a>&#8216;, Emma referiu: &#8220;<strong>O Bruce e eu temos agora a nossa pr\u00f3pria linguagem, e a nossa pr\u00f3pria maneira de estarmos juntos. Basta estar sentada ao lado dele, caminharmos juntos, ouvi-lo enquanto tenta verbalizar na sua pr\u00f3pria l\u00edngua. Ouvi-lo e valid\u00e1-lo<\/strong>&#8220;.<\/p>\n<p>&#8220;\u00c9 dif\u00edcil&#8221;, continuou. &#8220;A dem\u00eancia \u00e9 simplesmente uma doen\u00e7a muito cruel \u2013 e que tira constantemente. Mesmo quando se pensa que n\u00e3o se aguenta mais, ainda consegue roubar algo mais&#8221;.<\/p>\n<p>Recorde que Willis e Heming Willis t\u00eam duas filhas em comum, <strong>Mabel<\/strong>, de 13 anos, e <strong>Evelyn<\/strong>, de 11. O ator tem ainda tr\u00eas filhas \u2013 <strong>Rumer<\/strong>, Scout e <strong>Tallulah <\/strong>\u2013 fruto do seu casamento anterior com a atriz <a href=\"https:\/\/famashow.pt\/pesquisa?q=demi+moore\" target=\"_blank\" rel=\"noreferrer noopener nofollow\"><strong>Demi Moore.<\/strong><\/a><\/p>\n","protected":false},"excerpt":{"rendered":"O estado de sa\u00fade de Bruce Willis, de 70 anos, continua a ser uma preocupa\u00e7\u00e3o para toda a&hellip;\n","protected":false},"author":2,"featured_media":73958,"comment_status":"","ping_status":"","sticky":false,"template":"","format":"standard","meta":{"footnotes":""},"categories":[145],"tags":[211,210,114,115,32,33],"class_list":{"0":"post-73957","1":"post","2":"type-post","3":"status-publish","4":"format-standard","5":"has-post-thumbnail","7":"category-celebridades","8":"tag-celebridades","9":"tag-celebrities","10":"tag-entertainment","11":"tag-entretenimento","12":"tag-portugal","13":"tag-pt"},"share_on_mastodon":{"url":"","error":""},"_links":{"self":[{"href":"https:\/\/www.europesays.com\/pt\/wp-json\/wp\/v2\/posts\/73957","targetHints":{"allow":["GET"]}}],"collection":[{"href":"https:\/\/www.europesays.com\/pt\/wp-json\/wp\/v2\/posts"}],"about":[{"href":"https:\/\/www.europesays.com\/pt\/wp-json\/wp\/v2\/types\/post"}],"author":[{"embeddable":true,"href":"https:\/\/www.europesays.com\/pt\/wp-json\/wp\/v2\/users\/2"}],"replies":[{"embeddable":true,"href":"https:\/\/www.europesays.com\/pt\/wp-json\/wp\/v2\/comments?post=73957"}],"version-history":[{"count":0,"href":"https:\/\/www.europesays.com\/pt\/wp-json\/wp\/v2\/posts\/73957\/revisions"}],"wp:featuredmedia":[{"embeddable":true,"href":"https:\/\/www.europesays.com\/pt\/wp-json\/wp\/v2\/media\/73958"}],"wp:attachment":[{"href":"https:\/\/www.europesays.com\/pt\/wp-json\/wp\/v2\/media?parent=73957"}],"wp:term":[{"taxonomy":"category","embeddable":true,"href":"https:\/\/www.europesays.com\/pt\/wp-json\/wp\/v2\/categories?post=73957"},{"taxonomy":"post_tag","embeddable":true,"href":"https:\/\/www.europesays.com\/pt\/wp-json\/wp\/v2\/tags?post=73957"}],"curies":[{"name":"wp","href":"https:\/\/api.w.org\/{rel}","templated":true}]}}