{"id":73959,"date":"2025-09-16T15:50:07","date_gmt":"2025-09-16T15:50:07","guid":{"rendered":"https:\/\/www.europesays.com\/pt\/73959\/"},"modified":"2025-09-16T15:50:07","modified_gmt":"2025-09-16T15:50:07","slug":"segunda-temporada-estreia-se-na-amazon-prime-video","status":"publish","type":"post","link":"https:\/\/www.europesays.com\/pt\/73959\/","title":{"rendered":"segunda temporada estreia-se na Amazon Prime Video"},"content":{"rendered":"<p>A Amazon Prime Video estreia esta quarta-feira, 17 de setembro, a segunda temporada de &#8220;Gen V&#8221;. Esta semana, chegam ao servi\u00e7o de streaming os primeiros tr\u00eas epis\u00f3dios e os restantes estreiam-se nas pr\u00f3ximas semanas.<\/p>\n<p>A nova temporada apresenta &#8220;eventos e revela\u00e7\u00f5es importantes que afetam diretamente a \u00faltima temporada de &#8216;The Boys&#8217;. &#8220;Na segunda temporada, um novo curso entra em vigor. Enquanto o resto da Am\u00e9rica se ajusta ao punho de ferro de Homelander, na Universidade Godolkin, o misterioso novo diretor promove um plano de estudos que promete tornar os alunos mais poderosos do que nunca&#8221;, adianta a Prime Video.<\/p>\n<p>&#8220;Cate e Sam s\u00e3o celebrados como her\u00f3is, enquanto Marie, Jordan e Emma voltam relutantemente para a faculdade, com o peso de meses de trauma e perda. Mas preocupar-se com as festas e as aulas torna-se uma luta dif\u00edcil com uma guerra entre humanos e super-humanos a iniciar dentro e fora do campus&#8221;, acrescenta a plataforma em comunicado.<\/p>\n<p>Nos novos epis\u00f3dios, o grupo descobre a exist\u00eancia de um programa secreto que remonta \u00e0 funda\u00e7\u00e3o da Universidade Godolkin e que pode ter implica\u00e7\u00f5es muito maiores do que eles imaginam. E, de alguma forma, Marie faz parte dele.<\/p>\n<p>A segunda temporada \u00e9 protagonizada por Jaz Sinclair como Marie Moreau, Lizze Broadway como Emma Meyer, Maddie Phillips como Cate Dunlap, London Thor e Derek Luh como Jordan Li, Asa Germann como Sam Riordan e Sean Patrick Thomas como Polarity.<\/p>\n<p>Os novos epis\u00f3dios v\u00e3o contar ainda com Hamish Linklater, como Dean Cipher.<\/p>\n<p>Michele Fazekas \u00e9 a showrunner e produtora executiva da s\u00e9rie.<\/p>\n","protected":false},"excerpt":{"rendered":"A Amazon Prime Video estreia esta quarta-feira, 17 de setembro, a segunda temporada de &#8220;Gen V&#8221;. Esta semana,&hellip;\n","protected":false},"author":2,"featured_media":73960,"comment_status":"","ping_status":"","sticky":false,"template":"","format":"standard","meta":{"footnotes":""},"categories":[142],"tags":[114,115,32,33,151],"class_list":{"0":"post-73959","1":"post","2":"type-post","3":"status-publish","4":"format-standard","5":"has-post-thumbnail","7":"category-tv","8":"tag-entertainment","9":"tag-entretenimento","10":"tag-portugal","11":"tag-pt","12":"tag-tv"},"share_on_mastodon":{"url":"","error":""},"_links":{"self":[{"href":"https:\/\/www.europesays.com\/pt\/wp-json\/wp\/v2\/posts\/73959","targetHints":{"allow":["GET"]}}],"collection":[{"href":"https:\/\/www.europesays.com\/pt\/wp-json\/wp\/v2\/posts"}],"about":[{"href":"https:\/\/www.europesays.com\/pt\/wp-json\/wp\/v2\/types\/post"}],"author":[{"embeddable":true,"href":"https:\/\/www.europesays.com\/pt\/wp-json\/wp\/v2\/users\/2"}],"replies":[{"embeddable":true,"href":"https:\/\/www.europesays.com\/pt\/wp-json\/wp\/v2\/comments?post=73959"}],"version-history":[{"count":0,"href":"https:\/\/www.europesays.com\/pt\/wp-json\/wp\/v2\/posts\/73959\/revisions"}],"wp:featuredmedia":[{"embeddable":true,"href":"https:\/\/www.europesays.com\/pt\/wp-json\/wp\/v2\/media\/73960"}],"wp:attachment":[{"href":"https:\/\/www.europesays.com\/pt\/wp-json\/wp\/v2\/media?parent=73959"}],"wp:term":[{"taxonomy":"category","embeddable":true,"href":"https:\/\/www.europesays.com\/pt\/wp-json\/wp\/v2\/categories?post=73959"},{"taxonomy":"post_tag","embeddable":true,"href":"https:\/\/www.europesays.com\/pt\/wp-json\/wp\/v2\/tags?post=73959"}],"curies":[{"name":"wp","href":"https:\/\/api.w.org\/{rel}","templated":true}]}}