{"id":73961,"date":"2025-09-16T15:56:16","date_gmt":"2025-09-16T15:56:16","guid":{"rendered":"https:\/\/www.europesays.com\/pt\/73961\/"},"modified":"2025-09-16T15:56:16","modified_gmt":"2025-09-16T15:56:16","slug":"achas-que-vao-gozar-comigo-mae-carolina-deslandes-revela-conversa-com-o-filho-no-primeiro-dia-de-aulas","status":"publish","type":"post","link":"https:\/\/www.europesays.com\/pt\/73961\/","title":{"rendered":"&#8220;Achas que v\u00e3o gozar comigo, m\u00e3e?&#8221; \u2014 Carolina Deslandes revela conversa com o filho no primeiro dia de aulas"},"content":{"rendered":"<p>Saiba tudo sobre a partilha da cantora aqui!<\/p>\n<p>Partilhar<\/p>\n<p><img decoding=\"async\" src=\"https:\/\/www.europesays.com\/pt\/wp-content\/uploads\/2025\/09\/1758038176_898_original.webp\" alt=\"Carolina Deslandes\"\/><\/p>\n<p>Carolina Deslandes<\/p>\n<p>Nuno Fox<\/p>\n<p>Para os mi\u00fados, setembro \u00e9, em Portugal, sin\u00f3nimo de regresso ou, neste caso, in\u00edcio da escola. Que o confirme <a href=\"https:\/\/famashow.pt\/pesquisa?q=Carolina+Deslandes\" target=\"_blank\" rel=\"noopener noreferrer nofollow\"><strong>Carolina Deslandes<\/strong><\/a> que nesta segunda-feira, 15 de setembro, decidiu assinalar a estreia do filho mais novo, o pequeno <strong>Guilherme<\/strong>, na vida acad\u00e9mica. Tudo aconteceu atrav\u00e9s das suas redes socias, local onde tornou p\u00fablica uma conversa especial que teve com o menino.<\/p>\n<p>Na sua conta de Instagram, a cantora publicou uma fotografia de Guilherme de sorriso rasgado no rosto, de mochila \u00e0s costas e lancheira a tiracolo. Inclusive, foram estes dois acess\u00f3rios que deram o mote para a conversa que a m\u00e3e &#8216;babada&#8217; decidiu partilhar com a sua comunidade de f\u00e3s e seguidores.<\/p>\n<p>&#8220;<strong>O meu pinguinho de chuva escolheu a mochila cor de rosa da Gabi e a lancheira lil\u00e1s<\/strong>&#8220;, come\u00e7ou por escrever Carolina Deslandes, dando a saber logo depois o di\u00e1logo que teve com o filho mais novo. &#8220;<strong>Achas que v\u00e3o gozar comigo m\u00e3e?<\/strong>&#8220;, questionou o menino. &#8220;<strong>Acho que \u00e9 poss\u00edvel filho, mas isso interessa?<\/strong>&#8220;, retorquiu a cantora. &#8220;<strong>N\u00e3o. Esta \u00e9 a mochila que eu quero<\/strong>&#8220;, disse por fim Guilherme.<\/p>\n<p>Carolina Deslandes<\/p>\n<p>Reprodu\u00e7\u00e3o Instagram, DR<\/p>\n<p>Carolina Deslandes n\u00e3o explicou o motivo pelo qual revelou este trecho de conversa com o filho, no entanto est\u00e1 subentendido, refor\u00e7ando a import\u00e2ncia de as crian\u00e7as aprenderem a &#8216;desligar-se&#8217; da press\u00e3o social. &#8220;<strong>Os filhos n\u00e3o s\u00e3o nossos e sabemos disso. Ainda assim v\u00ea-los voar enche-nos de orgulho mas aperta-nos o cora\u00e7\u00e3o. O meu pinguinho de chuva. Como o amo<\/strong>&#8220;, escreveu ainda a artista.<\/p>\n<p>Naturalmente, n\u00e3o tardou para que v\u00e1rios internautas inundassem a caixa de coment\u00e1rios da partilha. &#8220;Perfeito. Deus o proteja. Sempre&#8221;, &#8220;Que seja super feliz com a sua mochila cor de rosa&#8221;, &#8220;A inclus\u00e3o come\u00e7a sempre em casa&#8221;, &#8220;Que possamos ser sempre livres para usarmos o que quisermos sem julgamentos. Coisa mais bonita&#8221;, s\u00e3o algumas rea\u00e7\u00f5es deixadas.<\/p>\n<p>Recorde-se que, al\u00e9m de Guilherme, Carolina Deslandes \u00e9 m\u00e3e de <strong>Santiago<\/strong>, de nove anos, e de <strong>Benjamim<\/strong>, de sete. Os tr\u00eas meninos nasceram fruto do seu relacionamento, entretanto terminado, com o m\u00fasico <a href=\"https:\/\/famashow.pt\/pesquisa?q=Diogo+Clemente\" target=\"_blank\" rel=\"noopener noreferrer nofollow\"><strong>Diogo Clemente<\/strong><\/a>. Neste momento, a cantora est\u00e1 gr\u00e1vida do quarto filho, <a href=\"https:\/\/famashow.pt\/famosos\/2025-08-07-gravida-pela-quarta-vez-carolina-deslandes-revela-nome-do-bebe-e-diz-ter-sido-alvo-de-ameacas-3129527f\" target=\"_blank\" rel=\"noopener noreferrer nofollow\">sobre o qual j\u00e1 se sabe o nome<\/a>, que ir\u00e1 nascer do amor que liga a artista a <a href=\"https:\/\/famashow.pt\/pesquisa?q=Lu%C3%ADs+Delgado\" target=\"_blank\" rel=\"noopener noreferrer nofollow\"><strong>Lu\u00eds Delgado<\/strong><\/a>, atual companheiro.<\/p>\n","protected":false},"excerpt":{"rendered":"Saiba tudo sobre a partilha da cantora aqui! Partilhar Carolina Deslandes Nuno Fox Para os mi\u00fados, setembro \u00e9,&hellip;\n","protected":false},"author":2,"featured_media":73962,"comment_status":"","ping_status":"","sticky":false,"template":"","format":"standard","meta":{"footnotes":""},"categories":[85],"tags":[114,115,32,33],"class_list":{"0":"post-73961","1":"post","2":"type-post","3":"status-publish","4":"format-standard","5":"has-post-thumbnail","7":"category-entretenimento","8":"tag-entertainment","9":"tag-entretenimento","10":"tag-portugal","11":"tag-pt"},"share_on_mastodon":{"url":"","error":""},"_links":{"self":[{"href":"https:\/\/www.europesays.com\/pt\/wp-json\/wp\/v2\/posts\/73961","targetHints":{"allow":["GET"]}}],"collection":[{"href":"https:\/\/www.europesays.com\/pt\/wp-json\/wp\/v2\/posts"}],"about":[{"href":"https:\/\/www.europesays.com\/pt\/wp-json\/wp\/v2\/types\/post"}],"author":[{"embeddable":true,"href":"https:\/\/www.europesays.com\/pt\/wp-json\/wp\/v2\/users\/2"}],"replies":[{"embeddable":true,"href":"https:\/\/www.europesays.com\/pt\/wp-json\/wp\/v2\/comments?post=73961"}],"version-history":[{"count":0,"href":"https:\/\/www.europesays.com\/pt\/wp-json\/wp\/v2\/posts\/73961\/revisions"}],"wp:featuredmedia":[{"embeddable":true,"href":"https:\/\/www.europesays.com\/pt\/wp-json\/wp\/v2\/media\/73962"}],"wp:attachment":[{"href":"https:\/\/www.europesays.com\/pt\/wp-json\/wp\/v2\/media?parent=73961"}],"wp:term":[{"taxonomy":"category","embeddable":true,"href":"https:\/\/www.europesays.com\/pt\/wp-json\/wp\/v2\/categories?post=73961"},{"taxonomy":"post_tag","embeddable":true,"href":"https:\/\/www.europesays.com\/pt\/wp-json\/wp\/v2\/tags?post=73961"}],"curies":[{"name":"wp","href":"https:\/\/api.w.org\/{rel}","templated":true}]}}