{"id":73969,"date":"2025-09-16T16:06:10","date_gmt":"2025-09-16T16:06:10","guid":{"rendered":"https:\/\/www.europesays.com\/pt\/73969\/"},"modified":"2025-09-16T16:06:10","modified_gmt":"2025-09-16T16:06:10","slug":"quem-e-patixa-telo-influenciadora-que-participou-do-estrela-da-casa-e-fez-a-festa-na-globo","status":"publish","type":"post","link":"https:\/\/www.europesays.com\/pt\/73969\/","title":{"rendered":"Quem \u00e9 Patixa Tel\u00f3, influenciadora que participou do Estrela da Casa e fez a festa na Globo"},"content":{"rendered":"<p>                        <img width=\"944\" height=\"531\" src=\"https:\/\/www.europesays.com\/pt\/wp-content\/uploads\/2025\/09\/Patixa-Telo-na-Globo-944x531.jpg\" class=\"attachment-custom-large size-custom-large article-featured-image\" alt=\"Patixa Tel\u00f3 na Globo\" fetchpriority=\"high\" decoding=\"async\"  \/><\/p>\n<p>Patixa Tel\u00f3 se divertindo nos Est\u00fadios Globo (Foto: Reprodu\u00e7\u00e3o, Redes Sociais)<\/p>\n<p>Patixa Tel\u00f3, uma figura muito conhecida da internet, participou nesta segunda-feira (15) como convidada da plateia do Estrela da Casa. Nas redes sociais, o nome de Patixa ficou em alta desde que ela chegou aos Est\u00fadios Globo, se encontrando com astros de Vale Tudo, como Cau\u00e3 Reymond e Ricardo Teodoro.<\/p>\n<p>Continua depois da publicidade<\/p>\n<p>Quem \u00e9 Patixa Tel\u00f3<\/p>\n<p>Com 48 anos, Patixa Tel\u00f3 \u00e9 de Manaus, no Amazonas e tem mais de 1,3 milh\u00e3o de seguidores no Instagram. \u00c9 portadora de s\u00edndrome de Down e transexual, nas redes os f\u00e3s de Patixa a definem como a \u201cprimeira transdown\u201d da hist\u00f3ria.<\/p>\n<p>A fama de Patixa veio depois de uma participa\u00e7\u00e3o no reality show Rancho do Maia, do influenciador Carlinhos Maia. Como ganhou destaque acabou virando um dos nomes mais esperados de cada temporada.<\/p>\n<p>Patixa Tel\u00f3, a \u201cRainha do Amazonas\u201d, circulou pelos Est\u00fadios Globo e encontrou com Cau\u00e3 Reymond e Ricardo Teodoro de Vale Tudo. Ela fez a brincadeira de que seria a nova Odete Roitman. Em seguida, apareceu ao vivo na Globo, ao lado de Ana Clara, no Estrela da Casa, e brincou dizendo que ano que vem vai gravar um CD.<\/p>\n<p>Continua depois da publicidade<\/p>\n<p><img loading=\"lazy\" decoding=\"async\" width=\"1200\" height=\"675\" data-id=\"7650017\" src=\"https:\/\/www.europesays.com\/pt\/wp-content\/uploads\/2025\/09\/Patixa-Telo-na-Globo-6.jpg\" alt=\"\" class=\"wp-image-7650017\"  \/><\/p>\n<p>Patixa Tel\u00f3 nos Est\u00fadios Globo (Foto: Reprodu\u00e7\u00e3o, Redes Sociais)<\/p>\n<p><img loading=\"lazy\" decoding=\"async\" width=\"1200\" height=\"675\" data-id=\"7650015\" src=\"https:\/\/www.europesays.com\/pt\/wp-content\/uploads\/2025\/09\/Patixa-Telo-na-Globo-4.jpg\" alt=\"\" class=\"wp-image-7650015\"  \/><\/p>\n<p>Influenciadora encontrou Cau\u00e3 Reymond (Foto: Reprodu\u00e7\u00e3o, Redes Sociais)<\/p>\n<p><img loading=\"lazy\" decoding=\"async\" width=\"1200\" height=\"675\" data-id=\"7650014\" src=\"https:\/\/www.europesays.com\/pt\/wp-content\/uploads\/2025\/09\/Patixa-Telo-na-Globo-3.jpg\" alt=\"\" class=\"wp-image-7650014\"  \/><\/p>\n<p>E tirou foto ao lado dele e de Ricardo Teodoro (Foto: Reprodu\u00e7\u00e3o, Redes Sociais)<\/p>\n<p><img loading=\"lazy\" decoding=\"async\" width=\"1200\" height=\"675\" data-id=\"7650016\" src=\"https:\/\/www.europesays.com\/pt\/wp-content\/uploads\/2025\/09\/Patixa-Telo-na-Globo-5.jpg\" alt=\"\" class=\"wp-image-7650016\"  \/><\/p>\n<p>Patixa brincou que \u00e9 a nova Odete Roitman (Foto: Reprodu\u00e7\u00e3o, Redes Sociais)<\/p>\n<p><img loading=\"lazy\" decoding=\"async\" width=\"1200\" height=\"675\" data-id=\"7650013\" src=\"https:\/\/www.europesays.com\/pt\/wp-content\/uploads\/2025\/09\/Patixa-Telo-na-Globo-2.jpg\" alt=\"\" class=\"wp-image-7650013\"  \/><\/p>\n<p>Ao lado de Ana Clara no Estrela da Casa (Foto: Reprodu\u00e7\u00e3o, Redes Sociais)<\/p>\n<p>VoltarAvan\u00e7ar<\/p>\n<p><strong><a href=\"https:\/\/www.nsctotal.com.br\/noticias\/quem-e-novo-namorado-do-ator-diego-martins-o-kelvin-de-terra-e-paixao\" target=\"_blank\" rel=\"noreferrer noopener nofollow\">Quem \u00e9 novo namorado do ator Diego Martins, o Kelvin de Terra e Paix\u00e3o<\/a><\/strong><\/p>\n","protected":false},"excerpt":{"rendered":"Patixa Tel\u00f3 se divertindo nos Est\u00fadios Globo (Foto: Reprodu\u00e7\u00e3o, Redes Sociais) Patixa Tel\u00f3, uma figura muito conhecida da&hellip;\n","protected":false},"author":2,"featured_media":73970,"comment_status":"","ping_status":"","sticky":false,"template":"","format":"standard","meta":{"footnotes":""},"categories":[145],"tags":[211,210,114,115,32,33,543],"class_list":{"0":"post-73969","1":"post","2":"type-post","3":"status-publish","4":"format-standard","5":"has-post-thumbnail","7":"category-celebridades","8":"tag-celebridades","9":"tag-celebrities","10":"tag-entertainment","11":"tag-entretenimento","12":"tag-portugal","13":"tag-pt","14":"tag-ver-ouvir-ler"},"share_on_mastodon":{"url":"","error":""},"_links":{"self":[{"href":"https:\/\/www.europesays.com\/pt\/wp-json\/wp\/v2\/posts\/73969","targetHints":{"allow":["GET"]}}],"collection":[{"href":"https:\/\/www.europesays.com\/pt\/wp-json\/wp\/v2\/posts"}],"about":[{"href":"https:\/\/www.europesays.com\/pt\/wp-json\/wp\/v2\/types\/post"}],"author":[{"embeddable":true,"href":"https:\/\/www.europesays.com\/pt\/wp-json\/wp\/v2\/users\/2"}],"replies":[{"embeddable":true,"href":"https:\/\/www.europesays.com\/pt\/wp-json\/wp\/v2\/comments?post=73969"}],"version-history":[{"count":0,"href":"https:\/\/www.europesays.com\/pt\/wp-json\/wp\/v2\/posts\/73969\/revisions"}],"wp:featuredmedia":[{"embeddable":true,"href":"https:\/\/www.europesays.com\/pt\/wp-json\/wp\/v2\/media\/73970"}],"wp:attachment":[{"href":"https:\/\/www.europesays.com\/pt\/wp-json\/wp\/v2\/media?parent=73969"}],"wp:term":[{"taxonomy":"category","embeddable":true,"href":"https:\/\/www.europesays.com\/pt\/wp-json\/wp\/v2\/categories?post=73969"},{"taxonomy":"post_tag","embeddable":true,"href":"https:\/\/www.europesays.com\/pt\/wp-json\/wp\/v2\/tags?post=73969"}],"curies":[{"name":"wp","href":"https:\/\/api.w.org\/{rel}","templated":true}]}}