{"id":74011,"date":"2025-09-16T16:51:39","date_gmt":"2025-09-16T16:51:39","guid":{"rendered":"https:\/\/www.europesays.com\/pt\/74011\/"},"modified":"2025-09-16T16:51:39","modified_gmt":"2025-09-16T16:51:39","slug":"vistos-para-assembleia-da-onu-atrasados","status":"publish","type":"post","link":"https:\/\/www.europesays.com\/pt\/74011\/","title":{"rendered":"Vistos para Assembleia da ONU Atrasados"},"content":{"rendered":"<p>Os Estados Unidos ainda n\u00e3o concederam novos vistos para a delega\u00e7\u00e3o brasileira que vai participar na 80.\u00aa Assembleia da ONU, numa altura de tens\u00f5es diplom\u00e1ticas entre os dois pa\u00edses, denunciou a diplomacia brasileira.<\/p>\n<p>\u201cTemos a indica\u00e7\u00e3o que ainda n\u00e3o foram concedidos\u201d e que est\u00e3o em \u201cvia de processamento\u201d, disse, em confer\u00eancia de imprensa, o diretor do Departamento de Organismos Internacionais do Minist\u00e9rio das Rela\u00e7\u00f5es Exteriores do Brasil, Marcelo Marotta Viegas.<\/p>\n<p><strong>O diplomata brasileiro recordou que uma eventual recusa de visto representa \u201cuma viola\u00e7\u00e3o legal\u201d por parte dos Estados Unidos, mas avisou que \u201cn\u00e3o quer dizer que ela n\u00e3o ocorra\u201d.<\/strong><\/p>\n<p>Segundo Marcelo Marotta Viegas, durante uma reuni\u00e3o nas Na\u00e7\u00f5es Unidas, na sequ\u00eancia do an\u00fancio da revoga\u00e7\u00e3o de vistos a autoridades palestinianas por parte dos EUA, o Brasil tamb\u00e9m \u201clevantou preocupa\u00e7\u00f5es sobre o n\u00e3o levantamento de visto\u201d \u00e0s suas autoridades.<\/p>\n<p>Apesar de ser uma decis\u00e3o \u201csoberana\u201d por parte dos Estados Unidos, a diplomacia brasileira adiantou j\u00e1 ter entrado em \u201ccontacto com o Governo norte-americano\u201d, at\u00e9 porque a \u201cviola\u00e7\u00e3o desse acordo \u00e9 uma viola\u00e7\u00e3o que os EUA t\u00eam com as Na\u00e7\u00f5es Unidas\u201d.<\/p>\n<p>H\u00e1 pelo menos \u201cdois ministros de Estado aguardando concess\u00e3o de visto\u201d, disse.<\/p>\n<p><strong>Alguns membros da delega\u00e7\u00e3o ainda t\u00eam vistos ativos, por terem sido feitos anteriormente, detalhou.<\/strong><\/p>\n<p>A\u00a080.\u00aa\u00a0sess\u00e3o da\u00a0Assembleia\u00a0Geral da\u00a0ONU\u00a0(AGNU\u00a080) arrancou no passado dia 09, iniciando-se na pr\u00f3xima semana, dia 23, o debate geral de alto n\u00edvel com o discurso do Presidente brasileiro, Lula da Silva, como habitualmente ocorre.<\/p>\n<p><strong>O Brasil e os Estados Unidos vivem, nos \u00faltimos meses, tens\u00f5es comerciais e diplom\u00e1ticas sem precedentes iniciadas com a imposi\u00e7\u00e3o de tarifas de 50% por parte dos EUA a v\u00e1rios produtos brasileiros.<\/strong><\/p>\n<p>Esta <strong>crise entrou numa nova fase mais delicada na sequ\u00eancia da condena\u00e7\u00e3o, na semana passada, a 27 anos e tr\u00eas meses de pris\u00e3o, do ex-Presidente brasileiro Jair Bolsonaro,<\/strong> aliado pol\u00edtico de Donald Trump.<\/p>\n<p>\u00a0O secret\u00e1rio de Estado norte-americano, Marco Rubio, alertou que o pa\u00eds responder\u00e1 \u00e0 condena\u00e7\u00e3o,\u00a0uma decis\u00e3o que classificou como &#8220;ca\u00e7a \u00e0s bruxas&#8221;.<\/p>\n<p>&#8220;Continua a persegui\u00e7\u00e3o pol\u00edtica liderada por Alexandre de Moraes [juiz relator do processo], sancionado por violar os direitos humanos, depois de ele e outros membros do Supremo Tribunal Federal do Brasil terem decidido injustamente prender o ex-Presidente Jair Bolsonaro&#8221;, denunciou Marco Rubio no dia em que foi conhecida a condena\u00e7\u00e3o.<\/p>\n<p>Entretanto,\u00a0Lula da Silva garantiu no domingo que o julgamento contra Jair Bolsonaro &#8220;n\u00e3o foi uma ca\u00e7a \u00e0s bruxas&#8221;.<\/p>\n<p><strong>Num artigo de opini\u00e3o publicado no jornal The New York Times, com o t\u00edtulo &#8220;A Democracia Brasileira e a sua Soberania n\u00e3o s\u00e3o negoci\u00e1veis&#8221; (&#8220;Brazilian Democracy and Sovereignity are non-negotiable&#8221;), Lula da Silva disse estar &#8220;orgulhoso do Supremo Tribunal Federal (STF) pela decis\u00e3o hist\u00f3rica&#8221; e garantiu que o processo &#8220;n\u00e3o foi uma ca\u00e7a \u00e0s bruxas<\/strong>&#8220;.<\/p>\n<p>O STF do Brasil condenou na quinta-feira Jair Bolsonaro a 27 anos e tr\u00eas meses de pris\u00e3o, depois de a Primeira Turma do Supremo Tribunal Federal ter formado maioria para condenar o ex-Presidente por tentativa violenta de aboli\u00e7\u00e3o do Estado de Direito Democr\u00e1tico, golpe de Estado, participa\u00e7\u00e3o em organiza\u00e7\u00e3o criminosa armada, dano qualificado e deteriora\u00e7\u00e3o de patrim\u00f3nio.<\/p>\n<p>Bolsonaro foi ainda considerado culpado de liderar a organiza\u00e7\u00e3o julgada criminosa.<\/p>\n<p>A entrada de Bolsonaro na pris\u00e3o n\u00e3o ser\u00e1 autom\u00e1tica, pois ainda h\u00e1 margem para recursos.<\/p>\n<p>Ap\u00f3s a publica\u00e7\u00e3o do ac\u00f3rd\u00e3o, a defesa e a acusa\u00e7\u00e3o podem interpor embargos de declara\u00e7\u00e3o, no prazo de cinco dias, para corrigir eventuais contradi\u00e7\u00f5es ou omiss\u00f5es. Esses recursos podem prolongar o processo por semanas ou meses.<\/p>\n<p>Jair Bolsonaro permanece em pris\u00e3o domicili\u00e1ria.<\/p>\n","protected":false},"excerpt":{"rendered":"Os Estados Unidos ainda n\u00e3o concederam novos vistos para a delega\u00e7\u00e3o brasileira que vai participar na 80.\u00aa Assembleia&hellip;\n","protected":false},"author":2,"featured_media":74012,"comment_status":"","ping_status":"","sticky":false,"template":"","format":"standard","meta":{"footnotes":""},"categories":[50],"tags":[726,27,28,413,15,16,14,25,26,21,22,62,12,13,19,20,910,23,24,17,18,29,30,31,16059,63,64,65],"class_list":{"0":"post-74011","1":"post","2":"type-post","3":"status-publish","4":"format-standard","5":"has-post-thumbnail","7":"category-mundo","8":"tag-brasil","9":"tag-breaking-news","10":"tag-breakingnews","11":"tag-eua","12":"tag-featured-news","13":"tag-featurednews","14":"tag-headlines","15":"tag-latest-news","16":"tag-latestnews","17":"tag-main-news","18":"tag-mainnews","19":"tag-mundo","20":"tag-news","21":"tag-noticias","22":"tag-noticias-principais","23":"tag-noticiasprincipais","24":"tag-onu","25":"tag-principais-noticias","26":"tag-principaisnoticias","27":"tag-top-stories","28":"tag-topstories","29":"tag-ultimas","30":"tag-ultimas-noticias","31":"tag-ultimasnoticias","32":"tag-vistos","33":"tag-world","34":"tag-world-news","35":"tag-worldnews"},"share_on_mastodon":{"url":"","error":""},"_links":{"self":[{"href":"https:\/\/www.europesays.com\/pt\/wp-json\/wp\/v2\/posts\/74011","targetHints":{"allow":["GET"]}}],"collection":[{"href":"https:\/\/www.europesays.com\/pt\/wp-json\/wp\/v2\/posts"}],"about":[{"href":"https:\/\/www.europesays.com\/pt\/wp-json\/wp\/v2\/types\/post"}],"author":[{"embeddable":true,"href":"https:\/\/www.europesays.com\/pt\/wp-json\/wp\/v2\/users\/2"}],"replies":[{"embeddable":true,"href":"https:\/\/www.europesays.com\/pt\/wp-json\/wp\/v2\/comments?post=74011"}],"version-history":[{"count":0,"href":"https:\/\/www.europesays.com\/pt\/wp-json\/wp\/v2\/posts\/74011\/revisions"}],"wp:featuredmedia":[{"embeddable":true,"href":"https:\/\/www.europesays.com\/pt\/wp-json\/wp\/v2\/media\/74012"}],"wp:attachment":[{"href":"https:\/\/www.europesays.com\/pt\/wp-json\/wp\/v2\/media?parent=74011"}],"wp:term":[{"taxonomy":"category","embeddable":true,"href":"https:\/\/www.europesays.com\/pt\/wp-json\/wp\/v2\/categories?post=74011"},{"taxonomy":"post_tag","embeddable":true,"href":"https:\/\/www.europesays.com\/pt\/wp-json\/wp\/v2\/tags?post=74011"}],"curies":[{"name":"wp","href":"https:\/\/api.w.org\/{rel}","templated":true}]}}