{"id":74023,"date":"2025-09-16T16:57:16","date_gmt":"2025-09-16T16:57:16","guid":{"rendered":"https:\/\/www.europesays.com\/pt\/74023\/"},"modified":"2025-09-16T16:57:16","modified_gmt":"2025-09-16T16:57:16","slug":"audiencias-grande-diferenca-entre-secret-story-e-a-promessa","status":"publish","type":"post","link":"https:\/\/www.europesays.com\/pt\/74023\/","title":{"rendered":"Audi\u00eancias! Grande diferen\u00e7a entre Secret Story e A Promessa"},"content":{"rendered":"<p>O Especial do Secret Story n\u00e3o deu hip\u00f3tese \u00e0 concorr\u00eancia, esta segunda-feira.<\/p>\n<p>Conduzido por Cristina Ferreira, o formato da TVI registou <strong>9,3% de rating e 19,1% de share<\/strong>, enquanto A Promessa fez <strong>7,1% de rating e 15,6% de share<\/strong>.<\/p>\n<p>De lembrar que, tal como o <strong>A Televis\u00e3o<\/strong> noticiou, a <a href=\"https:\/\/www.instagram.com\/tvioficial\/?hl=pt\" target=\"_blank\" rel=\"noopener nofollow\">TVI<\/a> lidera as audi\u00eancias h\u00e1 <strong>quatro dias consecutivos<\/strong>.<\/p>\n<p>A sequ\u00eancia vitoriosa iniciou-se na sexta-feira, dia da final do Big Brother Ver\u00e3o, e tem-se prolongado desde ent\u00e3o, com n\u00fameros preocupantes para a SIC.<\/p>\n<p><strong>Leia tamb\u00e9m: <a href=\"https:\/\/www.atelevisao.com\/tvi\/confirma-se-tvi-da-nova-tareia-a-sic-nas-audiencias-e-deixa-a-3-em-apuros\/\" target=\"_blank\" rel=\"noopener nofollow\">Confirma-se! TVI d\u00e1 nova tareia \u00e0 SIC nas audi\u00eancias e deixa a \u201c3\u201d em apuros<\/a><\/strong><\/p>\n<p><script async src=\"\/\/www.instagram.com\/embed.js\"><\/script><\/p>\n","protected":false},"excerpt":{"rendered":"O Especial do Secret Story n\u00e3o deu hip\u00f3tese \u00e0 concorr\u00eancia, esta segunda-feira. Conduzido por Cristina Ferreira, o formato&hellip;\n","protected":false},"author":2,"featured_media":74024,"comment_status":"","ping_status":"","sticky":false,"template":"","format":"standard","meta":{"footnotes":""},"categories":[142],"tags":[114,115,32,33,151],"class_list":{"0":"post-74023","1":"post","2":"type-post","3":"status-publish","4":"format-standard","5":"has-post-thumbnail","7":"category-tv","8":"tag-entertainment","9":"tag-entretenimento","10":"tag-portugal","11":"tag-pt","12":"tag-tv"},"share_on_mastodon":{"url":"","error":""},"_links":{"self":[{"href":"https:\/\/www.europesays.com\/pt\/wp-json\/wp\/v2\/posts\/74023","targetHints":{"allow":["GET"]}}],"collection":[{"href":"https:\/\/www.europesays.com\/pt\/wp-json\/wp\/v2\/posts"}],"about":[{"href":"https:\/\/www.europesays.com\/pt\/wp-json\/wp\/v2\/types\/post"}],"author":[{"embeddable":true,"href":"https:\/\/www.europesays.com\/pt\/wp-json\/wp\/v2\/users\/2"}],"replies":[{"embeddable":true,"href":"https:\/\/www.europesays.com\/pt\/wp-json\/wp\/v2\/comments?post=74023"}],"version-history":[{"count":0,"href":"https:\/\/www.europesays.com\/pt\/wp-json\/wp\/v2\/posts\/74023\/revisions"}],"wp:featuredmedia":[{"embeddable":true,"href":"https:\/\/www.europesays.com\/pt\/wp-json\/wp\/v2\/media\/74024"}],"wp:attachment":[{"href":"https:\/\/www.europesays.com\/pt\/wp-json\/wp\/v2\/media?parent=74023"}],"wp:term":[{"taxonomy":"category","embeddable":true,"href":"https:\/\/www.europesays.com\/pt\/wp-json\/wp\/v2\/categories?post=74023"},{"taxonomy":"post_tag","embeddable":true,"href":"https:\/\/www.europesays.com\/pt\/wp-json\/wp\/v2\/tags?post=74023"}],"curies":[{"name":"wp","href":"https:\/\/api.w.org\/{rel}","templated":true}]}}