{"id":74025,"date":"2025-09-16T16:58:08","date_gmt":"2025-09-16T16:58:08","guid":{"rendered":"https:\/\/www.europesays.com\/pt\/74025\/"},"modified":"2025-09-16T16:58:08","modified_gmt":"2025-09-16T16:58:08","slug":"michael-amott-do-arch-enemy-presta-bonita-homenagem-a-tomas-lindberg","status":"publish","type":"post","link":"https:\/\/www.europesays.com\/pt\/74025\/","title":{"rendered":"Michael Amott, do Arch Enemy, presta bonita homenagem a Tomas Lindberg"},"content":{"rendered":"<p>O mundo da m\u00fasica pesada recebeu uma not\u00edcia triste nesta ter\u00e7a-feira (16). Tomas Lindberg, vocalista do At The Gates, faleceu aos 52 anos. Ele estava hospitalizado desde maio, <a href=\"https:\/\/whiplash.net\/materias\/news_680\/371956-atthegates.html\" rel=\"nofollow noopener\" target=\"_blank\">tratando um c\u00e2ncer raro<\/a>.<\/p>\n<p>Horas ap\u00f3s a confirma\u00e7\u00e3o da morte, Michael Amott, guitarrista e l\u00edder do <a href=\"https:\/\/whiplash.net\/bandas\/a\/archenemy.html\" class=\"hotwords\" rel=\"nofollow noopener\" target=\"_blank\">Arch Enemy<\/a>, prestou homenagem a Lindberg em uma postagem no Instagram. O m\u00fasico relembrou a amizade deles, que come\u00e7ou quando ambos eram jovens.<\/p>\n<p><a href=\"https:\/\/whiplash.net\/bandas\/a\/atthegates.html\" class=\"linkBotao\" rel=\"nofollow noopener\" target=\"_blank\">At The Gates &#8211; Mais Novidades<\/a><br \/><a target=\"_blank\" href=\"https:\/\/www.europesays.com\/pt\/wp-content\/uploads\/2025\/09\/atthegates_facebook_2022_por_ester_segarra.jpg\"><img loading=\"lazy\" decoding=\"async\" src=\"https:\/\/www.europesays.com\/pt\/wp-content\/uploads\/2025\/09\/atthegates_facebook_2022_por_ester_segarra.jpg\" class=\"widthConstrained\" width=\"700\" height=\"466\" alt=\"Foto: Facebook Oficial - Ester Segarra\"\/><\/a>Foto: Facebook Oficial &#8211; Ester Segarra<\/p>\n<p>CONTINUA DEPOIS DA PUBLICIDADE &#8211; CLI<\/p>\n<p>&#13;<br \/>\n&#13;<br \/>\n&#13;<br \/>\n&#13;<br \/>\n&#13;<br \/>\n&#13;<br \/>\n&#13;<br \/>\n&#13;<br \/>\n<a href=\"https:\/\/whiplash.net\/materias\/whiplash\/027002.html\" rel=\"nofollow noopener\" target=\"_blank\"><img decoding=\"async\" src=\"https:\/\/www.europesays.com\/pt\/wp-content\/uploads\/2025\/09\/1757700307_111_anunciar_diabo_336x280.gif\" loading=\"lazy\" width=\"336\" height=\"280\" class=\"widthConstrained\" style=\"background-color:#000000;display:block;\" alt=\"Anunciar bandas e shows de Rock e Heavy Metal\"\/><\/a>&#13;<\/p>\n<p>&#8220;Eu o conheci quando ele tinha 15 e eu 18 anos &#8211; apenas dois garotos totalmente dedicados \u00e0 m\u00fasica underground. A vida nos levou para dire\u00e7\u00f5es diferentes, mas nos encontr\u00e1vamos de vez em quando. Nos reconectamos de verdade em 2019, quando fizemos uma turn\u00ea juntos, foi realmente especial.&#8221;<\/p>\n<p>Amott lamentou o falecimento do amigo. O guitarrista tamb\u00e9m citou o nome de outra lenda do metal sueco: Lars-G\u00f6ran Petrov, vocalista do <a href=\"https:\/\/whiplash.net\/bandas\/e\/entombed.html\" class=\"hotwords\" rel=\"nofollow noopener\" target=\"_blank\">Entombed<\/a>, que morreu em mar\u00e7o de 2021.<\/p>\n<p>&#8220;Hoje, perdemos um dos verdadeiros pioneiros da cena sueca de death metal &#8211; primeiro com o Grotesque, e claro, depois com o lend\u00e1rio At The Gates. Boa viagem, Tompa&#8230; tome uma cerveja com LG e descanse agora.&#8221;<\/p>\n<p>CONTINUA DEPOIS DA PUBLICIDADE &#8211; GOO<\/p>\n<p>&#13;<br \/>\n&#13;<br \/>\n&#13;<br \/>\n&#13;<br \/>\n<a href=\"https:\/\/whiplash.net\/materias\/whiplash\/027002.html\" rel=\"nofollow noopener\" target=\"_blank\"><img decoding=\"async\" src=\"https:\/\/www.europesays.com\/pt\/wp-content\/uploads\/2025\/09\/1757700307_111_anunciar_diabo_336x280.gif\" loading=\"lazy\" width=\"336\" height=\"280\" alt=\"Anunciar no Whiplash.Net\"\/><\/a>&#13;<br \/>\n&#13;<br \/>\n&#13;<br \/>\n&#13;<br \/>\n&#13;<br \/>\n&#13;<br \/>\n<a href=\"https:\/\/whiplash.net\/materias\/whiplash\/027002.html\" rel=\"nofollow noopener\" target=\"_blank\"><img decoding=\"async\" src=\"https:\/\/www.europesays.com\/pt\/wp-content\/uploads\/2025\/09\/1757700307_111_anunciar_diabo_336x280.gif\" loading=\"lazy\" width=\"336\" height=\"280\" class=\"widthConstrained\" style=\"background-color:#000000;display:block;\" alt=\"Anunciar bandas e shows de Rock e Heavy Metal\"\/><\/a>&#13;<\/p>\n<p>Al\u00e9m de seu trabalho no <a href=\"https:\/\/whiplash.net\/bandas\/a\/atthegates.html\" class=\"hotwords\" rel=\"nofollow noopener\" target=\"_blank\">At The Gates<\/a>, Tomas participou de outros projetos, como Lock Up, Grotesque e The Lurking Fear. Seu legado musical inclui, entre outras obras, &#8220;Slaughter of the Soul&#8221; (1995), um dos trabalhos mais aclamados do death metal mel\u00f3dico.<\/p>\n<p>CONTINUA DEPOIS DA PUBLICIDADE &#8211; CLI<\/p>\n<p>&#13;<br \/>\n&#13;<br \/>\n&#13;<br \/>\n&#13;<br \/>\n&#13;<br \/>\n&#13;<br \/>\n&#13;<br \/>\n&#13;<br \/>\n<a href=\"https:\/\/whiplash.net\/materias\/whiplash\/027002.html\" rel=\"nofollow noopener\" target=\"_blank\"><img decoding=\"async\" src=\"https:\/\/www.europesays.com\/pt\/wp-content\/uploads\/2025\/09\/1757700307_111_anunciar_diabo_336x280.gif\" loading=\"lazy\" width=\"336\" height=\"280\" class=\"widthConstrained\" style=\"background-color:#000000;display:block;\" alt=\"Anunciar bandas e shows de Rock e Heavy Metal\"\/><\/a>&#13;<\/p>\n","protected":false},"excerpt":{"rendered":"O mundo da m\u00fasica pesada recebeu uma not\u00edcia triste nesta ter\u00e7a-feira (16). Tomas Lindberg, vocalista do At The&hellip;\n","protected":false},"author":2,"featured_media":74026,"comment_status":"","ping_status":"","sticky":false,"template":"","format":"standard","meta":{"footnotes":""},"categories":[141],"tags":[114,115,149,150,32,33],"class_list":{"0":"post-74025","1":"post","2":"type-post","3":"status-publish","4":"format-standard","5":"has-post-thumbnail","7":"category-musica","8":"tag-entertainment","9":"tag-entretenimento","10":"tag-music","11":"tag-musica","12":"tag-portugal","13":"tag-pt"},"share_on_mastodon":{"url":"","error":""},"_links":{"self":[{"href":"https:\/\/www.europesays.com\/pt\/wp-json\/wp\/v2\/posts\/74025","targetHints":{"allow":["GET"]}}],"collection":[{"href":"https:\/\/www.europesays.com\/pt\/wp-json\/wp\/v2\/posts"}],"about":[{"href":"https:\/\/www.europesays.com\/pt\/wp-json\/wp\/v2\/types\/post"}],"author":[{"embeddable":true,"href":"https:\/\/www.europesays.com\/pt\/wp-json\/wp\/v2\/users\/2"}],"replies":[{"embeddable":true,"href":"https:\/\/www.europesays.com\/pt\/wp-json\/wp\/v2\/comments?post=74025"}],"version-history":[{"count":0,"href":"https:\/\/www.europesays.com\/pt\/wp-json\/wp\/v2\/posts\/74025\/revisions"}],"wp:featuredmedia":[{"embeddable":true,"href":"https:\/\/www.europesays.com\/pt\/wp-json\/wp\/v2\/media\/74026"}],"wp:attachment":[{"href":"https:\/\/www.europesays.com\/pt\/wp-json\/wp\/v2\/media?parent=74025"}],"wp:term":[{"taxonomy":"category","embeddable":true,"href":"https:\/\/www.europesays.com\/pt\/wp-json\/wp\/v2\/categories?post=74025"},{"taxonomy":"post_tag","embeddable":true,"href":"https:\/\/www.europesays.com\/pt\/wp-json\/wp\/v2\/tags?post=74025"}],"curies":[{"name":"wp","href":"https:\/\/api.w.org\/{rel}","templated":true}]}}