{"id":74031,"date":"2025-09-16T17:04:12","date_gmt":"2025-09-16T17:04:12","guid":{"rendered":"https:\/\/www.europesays.com\/pt\/74031\/"},"modified":"2025-09-16T17:04:12","modified_gmt":"2025-09-16T17:04:12","slug":"multinacional-francesa-soprema-investe-mais-de-100-milhoes-de-euros-em-almeirim-e-alpiarca-jornal-o-almeirinense","status":"publish","type":"post","link":"https:\/\/www.europesays.com\/pt\/74031\/","title":{"rendered":"Multinacional francesa Soprema investe mais de 100 milh\u00f5es de euros em Almeirim e Alpiar\u00e7a &#8211; Jornal O Almeirinense"},"content":{"rendered":"<ol>\n<li><a href=\"https:\/\/news.google.com\/rss\/articles\/CBMiywFBVV95cUxOSGZ1Q3JsbGVLamlkWF9QRmV6aS1OUTNKR2lBTGl1VG5IWmYyVS1EUWhmS2c4S1k0NUtVWWVnemhrYXpDNzk0bWhBSFVRRHVWV2I3YmJ2T2hWNy1DcGNQQWVaekFmN2owcklyRXFFMktyZ1phU18zNHJ1OVZEcFFUVURENzJHeEw3M01SbjUzWDd0OGY4NkxDanRIN1NzV2tKM2JQWGo3WjFJT09yaGd3cGFUVGVqTXRLNldEd0p1TjAxU2RvMDRKV0xTWQ?oc=5\" target=\"_blank\" rel=\"nofollow noopener\">Multinacional francesa Soprema investe mais de 100 milh\u00f5es de euros em Almeirim e Alpiar\u00e7a<\/a>&nbsp;&nbsp;Jornal O Almeirinense<\/li>\n<li><a href=\"https:\/\/news.google.com\/rss\/articles\/CBMimAFBVV95cUxQVDV0c1FrMFpfS21sSm8xMm1mRzFxZHViV0xwYUFscFlKZVFqSWk3Ti1QakEycjA4dm1hbmZUT0NtbGEzOHRISGNablhtUTdEQ0Z2M1VNQk92enBydXRYNmh3cTlOYUFzTFV2VVRQS1dBVW9iQ0dNOUw4T1B1cm5qc25vZG1ObUo5SFlkcUJwOHhuQ2lSMVlJUA?oc=5\" target=\"_blank\" rel=\"nofollow noopener\">Soprema refor\u00e7a presen\u00e7a industrial em Portugal<\/a>&nbsp;&nbsp;Apcmc<\/li>\n<li><a href=\"https:\/\/news.google.com\/rss\/articles\/CBMiygFBVV95cUxQcWs1T0pXakJUR2VpZV9ZUGFVMmRpQkhGd3BHaTlvMGctNzZhbGtIaDh5cUE3cVRSQmRyMkhuVkpYNWNwVXAwdV9xcDR2bjdhVHJaUGRLOEh6WjFYRGdQZVB5MlpnLXFPVmpWTUV6VHByZUNEQmFXdGFnS3dPZ25xdGxLUzB4T3pyN1M2d052Zk5scVFYM0FKUk9haWNqNGM4MUtnTEVBTVlFWHEtaHo2N1ZwOVEwTG1vU1NXLUpkZGFSc1ZZeW5CVDRR?oc=5\" target=\"_blank\" rel=\"nofollow noopener\">Gigante industrial franc\u00eas vai investir mais de 100 milh\u00f5es em Portugal<\/a>&nbsp;&nbsp;Jornal de Neg\u00f3cios<\/li>\n<li><a href=\"https:\/\/news.google.com\/rss\/articles\/CBMisgFBVV95cUxNUW9Ia2oxQ2RsRGRiMWZiXzdvNFVVZ0FrSVFHdWxlZnJ6V1Z3QWNucm5ZVFVLM3NaZkZSbGtheWpFbnZ1S29DR0dObnp4c05iNDZzV29YLUpuQjdTTlRiajR3cVdTSjFWRmhYSVpVUUFtTDdCa0Z0RkV5b09nX2JTVFF3U1ZiZlFkMUxzcThLWlJlclhnbFFXZ2ZpMkVIVHZOSWpiQVJvVlBoOXV3ZGg3ejNB?oc=5\" target=\"_blank\" rel=\"nofollow noopener\">Francesa Soprema investe mais de 100 milh\u00f5es no Ribatejo<\/a>&nbsp;&nbsp;Vida Imobili\u00e1ria<\/li>\n<li><a href=\"https:\/\/news.google.com\/rss\/articles\/CBMirgFBVV95cUxQc3hoWl9YSXVMUlVpWTJUeG1ocW85U01DaTdEM3g0dUFtM0lnTGRZaFpjWUN5X1lQbkRGTVQwbC1nNDlVU1gwVWE3dV9VMGQyODV5RTN1Nkd6aDE4RmRlQ0JLUHN6elJscEdyYnRVRUdiWHg5UENQVTA1ejZBMGxMajd0SzhjRFlCOGs3a0RPc2ZIT0oycmtxY1FLUTEya0d4a01DNXJVU2FuWV8taEE?oc=5\" target=\"_blank\" rel=\"nofollow noopener\">Francesa Soprema investe mais de 100 milh\u00f5es de euros em f\u00e1bricas no Ribatejo<\/a>&nbsp;&nbsp;ECO<\/li>\n<\/ol>\n","protected":false},"excerpt":{"rendered":"Multinacional francesa Soprema investe mais de 100 milh\u00f5es de euros em Almeirim e Alpiar\u00e7a&nbsp;&nbsp;Jornal O Almeirinense Soprema refor\u00e7a&hellip;\n","protected":false},"author":2,"featured_media":74032,"comment_status":"","ping_status":"","sticky":false,"template":"","format":"standard","meta":{"footnotes":""},"categories":[83],"tags":[3773,88,476,89,90,32,33,3551,19486],"class_list":{"0":"post-74031","1":"post","2":"type-post","3":"status-publish","4":"format-standard","5":"has-post-thumbnail","7":"category-empresas","8":"tag-almeirim","9":"tag-business","10":"tag-economia","11":"tag-economy","12":"tag-empresas","13":"tag-portugal","14":"tag-pt","15":"tag-regiao","16":"tag-soprema"},"share_on_mastodon":{"url":"","error":""},"_links":{"self":[{"href":"https:\/\/www.europesays.com\/pt\/wp-json\/wp\/v2\/posts\/74031","targetHints":{"allow":["GET"]}}],"collection":[{"href":"https:\/\/www.europesays.com\/pt\/wp-json\/wp\/v2\/posts"}],"about":[{"href":"https:\/\/www.europesays.com\/pt\/wp-json\/wp\/v2\/types\/post"}],"author":[{"embeddable":true,"href":"https:\/\/www.europesays.com\/pt\/wp-json\/wp\/v2\/users\/2"}],"replies":[{"embeddable":true,"href":"https:\/\/www.europesays.com\/pt\/wp-json\/wp\/v2\/comments?post=74031"}],"version-history":[{"count":0,"href":"https:\/\/www.europesays.com\/pt\/wp-json\/wp\/v2\/posts\/74031\/revisions"}],"wp:featuredmedia":[{"embeddable":true,"href":"https:\/\/www.europesays.com\/pt\/wp-json\/wp\/v2\/media\/74032"}],"wp:attachment":[{"href":"https:\/\/www.europesays.com\/pt\/wp-json\/wp\/v2\/media?parent=74031"}],"wp:term":[{"taxonomy":"category","embeddable":true,"href":"https:\/\/www.europesays.com\/pt\/wp-json\/wp\/v2\/categories?post=74031"},{"taxonomy":"post_tag","embeddable":true,"href":"https:\/\/www.europesays.com\/pt\/wp-json\/wp\/v2\/tags?post=74031"}],"curies":[{"name":"wp","href":"https:\/\/api.w.org\/{rel}","templated":true}]}}