{"id":74039,"date":"2025-09-16T17:12:17","date_gmt":"2025-09-16T17:12:17","guid":{"rendered":"https:\/\/www.europesays.com\/pt\/74039\/"},"modified":"2025-09-16T17:12:17","modified_gmt":"2025-09-16T17:12:17","slug":"este-concorrente-do-secret-story-ja-conheceu-e-privou-com-ronaldinho-gaucho-secret-story","status":"publish","type":"post","link":"https:\/\/www.europesays.com\/pt\/74039\/","title":{"rendered":"Este concorrente do Secret Story j\u00e1 conheceu e privou com Ronaldinho Ga\u00facho &#8211; Secret Story"},"content":{"rendered":"<p><strong>Bruno Sim\u00e3o<\/strong> tem 40 anos, vem de Cascais e \u00e9 ex-futebolista. Para muitos, pode ser desconhecido, mas o <strong>novo concorrente do Secret Story &#8211; Casa dos Segredos 9 tem um passado marcado pelas luzes da ribalta. Ali\u00e1s, at\u00e9 conheceu um dos maiores nomes do futebol a n\u00edvel mundial.\u00a0<\/strong><\/p>\n<p>O ex-atleta<strong> foi jogador do Benfica,<\/strong> mas tamb\u00e9m passou por v\u00e1rios clubes Europeus e do panorama nacional, entre eles <strong>Os Belenenses, Slovan Bratislava, Dinamo de Bucareste, Khazar, Casa Pia e Atl\u00e9tico CP.\u00a0<\/strong><\/p>\n<p>Na sua carreira desportiva,<strong> chegou a defrontar Cristiano Ronaldo, quando ambos faziam parte dos escal\u00f5es jovens do Benfica e Sporting, respetivamente<\/strong>. Os dois foram ainda colegas na <strong>sele\u00e7\u00e3o<\/strong> <strong>nacional Sub-17.<\/strong><\/p>\n<p>Al\u00e9m disso, Bruno Sim\u00e3o j\u00e1 privou com o astro do futebol mundial <strong>Ronaldinho Ga\u00facho,<\/strong> \u00e9 amigo pessoal do ex-treinador do Sporting <strong>R\u00faben Amorim<\/strong> e tamb\u00e9m era um grande amigo do ator<strong> Rodrigo Menezes, <\/strong>que faleceu em 2014.<\/p>\n<p><strong>Veja as fotografias de Bruno Sim\u00e3o na galeria que prepar\u00e1mos para si.<\/strong><\/p>\n<p><strong>Fique ainda a conhecer o perfil do novo concorrente do Secret Story:<\/strong><\/p>\n<p>Ex-jogador de futebol profissional, come\u00e7ou no Benfica e chegou a defrontar o Cristiano Ronaldo.<strong> Passou por v\u00e1rios clubes na Europa, mas admite sem rodeios que n\u00e3o vingou ao mais alto n\u00edvel por falta de disciplina.<\/strong><\/p>\n<p><strong>Pai de tr\u00eas filhas, considera-se competitivo e direto,<\/strong> n\u00e3o gosta de perder e entra agora no campo dos segredos para ganhar. Para si, esta \u00e9 a oportunidade de marcar o golo da sua vida.<\/p>\n","protected":false},"excerpt":{"rendered":"Bruno Sim\u00e3o tem 40 anos, vem de Cascais e \u00e9 ex-futebolista. Para muitos, pode ser desconhecido, mas o&hellip;\n","protected":false},"author":2,"featured_media":74040,"comment_status":"","ping_status":"","sticky":false,"template":"","format":"standard","meta":{"footnotes":""},"categories":[142],"tags":[8113,19139,2632,329,333,328,335,336,114,115,334,330,1326,338,19019,13,32,33,17893,1315,8174,151,162,19020,227],"class_list":{"0":"post-74039","1":"post","2":"type-post","3":"status-publish","4":"format-standard","5":"has-post-thumbnail","7":"category-tv","8":"tag-alice-alves","9":"tag-bruno-simao","10":"tag-casa-dos-segredos","11":"tag-claudio-ramos","12":"tag-comentadores","13":"tag-concorrentes","14":"tag-confrontos","15":"tag-discussoes","16":"tag-entertainment","17":"tag-entretenimento","18":"tag-exclusivos","19":"tag-gala","20":"tag-mafalda-castro","21":"tag-maria-botelho-moniz","22":"tag-marta-cardoso","23":"tag-noticias","24":"tag-portugal","25":"tag-pt","26":"tag-ronaldinho","27":"tag-secret-story","28":"tag-segredos","29":"tag-tv","30":"tag-tvi","31":"tag-video-do-dia","32":"tag-videos"},"share_on_mastodon":{"url":"","error":""},"_links":{"self":[{"href":"https:\/\/www.europesays.com\/pt\/wp-json\/wp\/v2\/posts\/74039","targetHints":{"allow":["GET"]}}],"collection":[{"href":"https:\/\/www.europesays.com\/pt\/wp-json\/wp\/v2\/posts"}],"about":[{"href":"https:\/\/www.europesays.com\/pt\/wp-json\/wp\/v2\/types\/post"}],"author":[{"embeddable":true,"href":"https:\/\/www.europesays.com\/pt\/wp-json\/wp\/v2\/users\/2"}],"replies":[{"embeddable":true,"href":"https:\/\/www.europesays.com\/pt\/wp-json\/wp\/v2\/comments?post=74039"}],"version-history":[{"count":0,"href":"https:\/\/www.europesays.com\/pt\/wp-json\/wp\/v2\/posts\/74039\/revisions"}],"wp:featuredmedia":[{"embeddable":true,"href":"https:\/\/www.europesays.com\/pt\/wp-json\/wp\/v2\/media\/74040"}],"wp:attachment":[{"href":"https:\/\/www.europesays.com\/pt\/wp-json\/wp\/v2\/media?parent=74039"}],"wp:term":[{"taxonomy":"category","embeddable":true,"href":"https:\/\/www.europesays.com\/pt\/wp-json\/wp\/v2\/categories?post=74039"},{"taxonomy":"post_tag","embeddable":true,"href":"https:\/\/www.europesays.com\/pt\/wp-json\/wp\/v2\/tags?post=74039"}],"curies":[{"name":"wp","href":"https:\/\/api.w.org\/{rel}","templated":true}]}}