{"id":74043,"date":"2025-09-16T17:15:11","date_gmt":"2025-09-16T17:15:11","guid":{"rendered":"https:\/\/www.europesays.com\/pt\/74043\/"},"modified":"2025-09-16T17:15:11","modified_gmt":"2025-09-16T17:15:11","slug":"videos-benfica-atropela-o-qarabag-por-7-1-na-estreia-na-youth-league","status":"publish","type":"post","link":"https:\/\/www.europesays.com\/pt\/74043\/","title":{"rendered":"V\u00cdDEOS: Benfica atropela o Qarabag por 7-1 na estreia na Youth League"},"content":{"rendered":"<p>O Benfica entrou com o p\u00e9 direito na Fase de Liga da UEFA Youth League. Os encarnados golearam os azeris do Qarabag por uns incr\u00edveis 7-1 e somaram os primeiros tr\u00eas pontos na competi\u00e7\u00e3o.<\/p>\n<p><a href=\"https:\/\/maisfutebol.iol.pt\/jogo\/benficau\/qarabagu\/13830678\" target=\"_blank\" rel=\"nofollow noopener\"><strong>RECORDE AQUI O FILME DO ENCONTRO.<\/strong><\/a><\/p>\n<p>As \u00e1guias eram claras favoritas no primeiro encontro da Youth League frente a uma equipa pouco conhecida do Qarabag. A resist\u00eancia dos azeris durou pouco mais de cinco minutos. Gon\u00e7alo Oliveira cruzou para Francisco Silva e o avan\u00e7ado deixou a bola para Miguel Figueiredo abrir o marcador.<\/p>\n<p>Depois seguiu-se um recital de Gon\u00e7alo Moreira (15m, 17m, 26m e 38m). O extremo do Benfica estava endiabrado e marcou um poker em 20 minutos, tr\u00eas dos golos em apenas 11. Pelo meio, Francisco Silva tamb\u00e9m escreveu o nome na lista dos marcadores.<\/p>\n<p>Destaque ainda para duas bolas nos ferros da baliza azeri, primeiro por Tiago Parente que depois de um remate rasteiro fora da \u00e1rea atirou em cheio no poste direito e depois j\u00e1 em cima do intervalo Hasanov desviou o remate de Umeh para a barra.<\/p>\n<p>A segunda parte come\u00e7ou como terminou a primeira. 30 segundos decorridos e Francisco Silva teve nos p\u00e9s o 7-0 depois de uma falha clamorosa da defesa do Qarabag. O avan\u00e7ado do Benfica tentou picar a bola por cima do guarda-redes Hasanov, mas o chap\u00e9u foi muito por cima da baliza.<\/p>\n<p>O Benfica continuou a pressionar e chegou ao 7-0 \u00e0 passagem dos 61 minutos. Canto marcado de forma r\u00e1pida, Jos\u00e9 Neto encontra o central belga Ndembi e este s\u00f3 teve de fazer \u00abum passe\u00bb para mais golo no encontro.<\/p>\n<p>J\u00e1 dentro dos dez minutos finais, o Qarabag marcou o golo de honra. Grande jogada de Mikayilov na esquerda, conseguiu passar por Ndembi e assistiu para Gazibayov fazer o \u00fanico golo dos azeris no encontro.<\/p>\n<p>Com este triunfo, o Benfica soma tr\u00eas pontos e est\u00e1 no primeiro lugar da fase de Liga da UEFA Youth League com um saldo positivo de seis golos, j\u00e1 o Qarabag n\u00e3o consegue a melhor estreia na competi\u00e7\u00e3o e sai goleado de Lisboa.<\/p>\n","protected":false},"excerpt":{"rendered":"O Benfica entrou com o p\u00e9 direito na Fase de Liga da UEFA Youth League. Os encarnados golearam&hellip;\n","protected":false},"author":2,"featured_media":74044,"comment_status":"","ping_status":"","sticky":false,"template":"","format":"standard","meta":{"footnotes":""},"categories":[87],"tags":[51,135,19488,46,32,33,47,11703,4219,527,134,19468],"class_list":{"0":"post-74043","1":"post","2":"type-post","3":"status-publish","4":"format-standard","5":"has-post-thumbnail","7":"category-desporto","8":"tag-benfica","9":"tag-desporto","10":"tag-fase-de-liga","11":"tag-maisfutebol","12":"tag-portugal","13":"tag-pt","14":"tag-pura-paixao","15":"tag-qarabag","16":"tag-resultado-final","17":"tag-resultados","18":"tag-sports","19":"tag-uefa-youth-league"},"share_on_mastodon":{"url":"","error":""},"_links":{"self":[{"href":"https:\/\/www.europesays.com\/pt\/wp-json\/wp\/v2\/posts\/74043","targetHints":{"allow":["GET"]}}],"collection":[{"href":"https:\/\/www.europesays.com\/pt\/wp-json\/wp\/v2\/posts"}],"about":[{"href":"https:\/\/www.europesays.com\/pt\/wp-json\/wp\/v2\/types\/post"}],"author":[{"embeddable":true,"href":"https:\/\/www.europesays.com\/pt\/wp-json\/wp\/v2\/users\/2"}],"replies":[{"embeddable":true,"href":"https:\/\/www.europesays.com\/pt\/wp-json\/wp\/v2\/comments?post=74043"}],"version-history":[{"count":0,"href":"https:\/\/www.europesays.com\/pt\/wp-json\/wp\/v2\/posts\/74043\/revisions"}],"wp:featuredmedia":[{"embeddable":true,"href":"https:\/\/www.europesays.com\/pt\/wp-json\/wp\/v2\/media\/74044"}],"wp:attachment":[{"href":"https:\/\/www.europesays.com\/pt\/wp-json\/wp\/v2\/media?parent=74043"}],"wp:term":[{"taxonomy":"category","embeddable":true,"href":"https:\/\/www.europesays.com\/pt\/wp-json\/wp\/v2\/categories?post=74043"},{"taxonomy":"post_tag","embeddable":true,"href":"https:\/\/www.europesays.com\/pt\/wp-json\/wp\/v2\/tags?post=74043"}],"curies":[{"name":"wp","href":"https:\/\/api.w.org\/{rel}","templated":true}]}}