{"id":74055,"date":"2025-09-16T17:27:14","date_gmt":"2025-09-16T17:27:14","guid":{"rendered":"https:\/\/www.europesays.com\/pt\/74055\/"},"modified":"2025-09-16T17:27:14","modified_gmt":"2025-09-16T17:27:14","slug":"junior-lima-e-os-pais-sao-alvos-de-cobranca-de-r-100-mil-polemica","status":"publish","type":"post","link":"https:\/\/www.europesays.com\/pt\/74055\/","title":{"rendered":"Junior Lima e os pais s\u00e3o alvos de cobran\u00e7a de R$ 100 mil; pol\u00eamica"},"content":{"rendered":"<p>\n                        A fam\u00edlia de Sandy s\u00e3o alvos de a\u00e7\u00e3o judicial envolvendo um im\u00f3vel alugado; entenda o caso\n                    <\/p>\n<p>\n                                                                                                                                                                                                                            16 set<br \/>\n                                    2025<br \/>\n                                     &#8211; 09h04\n                                <\/p>\n<p>\n                                                                                                            (atualizado \u00e0s 11h58)\n                                                                    <\/p>\n<p class=\"text\"><strong>Junior Lima,<\/strong> seu pai, <strong>Xoror\u00f3<\/strong>, e sua m\u00e3e, <strong>Noely<\/strong>, viraram r\u00e9us em uma a\u00e7\u00e3o judicial, com um d\u00e9bito a ser pago no valor de R$ 100 mil. Segundo a coluna da<strong> F\u00e1bia Oliveira,<\/strong> um empres\u00e1rio iniciou um processo judicial contra o m\u00fasico e seus pais, por uma d\u00edvida de aluguel.<\/p>\n<p><img loading=\"lazy\" decoding=\"async\" alt=\"Junior, Xoror\u00f3 e Noely\" class=\"img-4d8dffd270402a875c3960e243393b3brcvut20u\" height=\"435\" src=\"https:\/\/www.europesays.com\/pt\/wp-content\/uploads\/2025\/09\/287332665-junior-xororo-e-noely.jpg\"  title=\"Junior, Xoror\u00f3 e Noely\" width=\"774\"\/><\/p>\n<p>Junior, Xoror\u00f3 e Noely<\/p>\n<p>Foto: Reprodu\u00e7\u00e3o\/Redes sociais \/ Contigo<\/p>\n<p class=\"text\">O empres\u00e1rio alega que <strong>Junior<\/strong> rescindiu o contrato antes do prazo e sem motivo v\u00e1lido. Segundo o m\u00fasico, o im\u00f3vel estava inabit\u00e1vel por causa de bolor e umidade, mas ele n\u00e3o teria apresentado laudos para comprovar a alega\u00e7\u00e3o.<\/p>\n<p>O que aconteceu?<\/p>\n<p class=\"text\">No entanto, o locador defende que a casa foi entregue em perfeitas condi\u00e7\u00f5es, ap\u00f3s uma vistoria sem contesta\u00e7\u00f5es por parte de Junior. Para contradizer o argumento do m\u00fasico sobre a insalubridade do local, o empres\u00e1rio anexou ao processo fotos de eventos que teriam sido realizados na propriedade.<\/p>\n<p class=\"text\">O empres\u00e1rio pede que <strong>Junior<\/strong>, <strong>Xoror\u00f3<\/strong> e <strong>Noely<\/strong>, que s\u00e3o os fiadores, paguem uma d\u00edvida de aproximadamente R$ 100 mil. A Justi\u00e7a deu um prazo de 3 dias para os r\u00e9us pagarem o valor ou apresentarem uma defesa. Se n\u00e3o o fizerem, a fam\u00edlia poder\u00e1 ter bens e ativos bloqueados.<\/p>\n<blockquote class=\"instagram-media\" data-instgrm-captioned=\"\" data-instgrm-permalink=\"https:\/\/www.instagram.com\/p\/DNMJxI6J6zy\/?utm_source=ig_embed&amp;utm_campaign=loading\" data-instgrm-version=\"14\" style=\"background: #FFF; border: 0; border-radius: 3px; box-shadow: 0 0 1px 0 rgba(0,0,0,0.5),0 1px 10px 0 rgba(0,0,0,0.15); margin: 1px; max-width: 540px; min-width: 326px; padding: 0; width: calc(100% - 2px);\">\n<p>     Ver essa foto no Instagram <\/p>\n<p class=\"text\" style=\"color: #c9c8cd; font-family: Arial,sans-serif; font-size: 14px; line-height: 17px; margin-bottom: 0; margin-top: 8px; overflow: hidden; padding: 8px 0 7px; text-align: center; text-overflow: ellipsis; white-space: nowrap;\"><a href=\"https:\/\/www.instagram.com\/p\/DNMJxI6J6zy\/?utm_source=ig_embed&amp;utm_campaign=loading\" rel=\"noopener nofollow\" style=\"color: #c9c8cd; font-family: Arial,sans-serif; font-size: 14px; font-style: normal; font-weight: normal; line-height: 17px; text-decoration: none;\" target=\"_blank\">Uma publica\u00e7\u00e3o compartilhada por JUNIOR (@junior_oficial)<\/a><\/p>\n<\/blockquote>\n<p>Junior Lima abre o jogo sobre dificuldades financeiras<\/p>\n<p class=\"text\">O cantor Junior Lima fez revela\u00e7\u00f5es sobre sua vida financeira durante participa\u00e7\u00e3o no programa &#8220;Lady Night&#8221;, exibido na segunda-feira, 25\/08, com <a href=\"https:\/\/www.terra.com.br\/tudo-sobre\/tata-werneck\" target=\"_self\" rel=\"nofollow noopener\">Tat\u00e1 Werneck<\/a>. &#8220;Eu sempre tive uma rela\u00e7\u00e3o com o dinheiro como consequ\u00eancia do meu trabalho. Tive momentos mais apertados e outros menos, de conseguir administrar, entender como funcionavam as coisas&#8230;&#8221;, comentou.<\/p>\n<p class=\"text\">Junior tamb\u00e9m falou sobre os epis\u00f3dios conturbados que viveu na adolesc\u00eancia, sem dar muitos detalhes, mas deixando claro que, em determinado momento, ele e Sandy enfrentaram dificuldades financeiras s\u00e9rias. &#8220;N\u00e3o foi tudo lisinho como as pessoas imaginam. Tivemos epis\u00f3dios conturbados na adolesc\u00eancia, algumas trai\u00e7\u00f5es no caminho&#8230; Quando fui ver, estava meio ferrado e precisei reconstruir tudo de novo&#8221;, revelou Junior.<\/p>\n<p>                            <script async src=\"\/\/www.instagram.com\/embed.js\"><\/script><\/p>\n","protected":false},"excerpt":{"rendered":"A fam\u00edlia de Sandy s\u00e3o alvos de a\u00e7\u00e3o judicial envolvendo um im\u00f3vel alugado; entenda o caso 16 set&hellip;\n","protected":false},"author":2,"featured_media":74056,"comment_status":"","ping_status":"","sticky":false,"template":"","format":"standard","meta":{"footnotes":""},"categories":[145],"tags":[211,210,114,115,32,33],"class_list":{"0":"post-74055","1":"post","2":"type-post","3":"status-publish","4":"format-standard","5":"has-post-thumbnail","7":"category-celebridades","8":"tag-celebridades","9":"tag-celebrities","10":"tag-entertainment","11":"tag-entretenimento","12":"tag-portugal","13":"tag-pt"},"share_on_mastodon":{"url":"","error":""},"_links":{"self":[{"href":"https:\/\/www.europesays.com\/pt\/wp-json\/wp\/v2\/posts\/74055","targetHints":{"allow":["GET"]}}],"collection":[{"href":"https:\/\/www.europesays.com\/pt\/wp-json\/wp\/v2\/posts"}],"about":[{"href":"https:\/\/www.europesays.com\/pt\/wp-json\/wp\/v2\/types\/post"}],"author":[{"embeddable":true,"href":"https:\/\/www.europesays.com\/pt\/wp-json\/wp\/v2\/users\/2"}],"replies":[{"embeddable":true,"href":"https:\/\/www.europesays.com\/pt\/wp-json\/wp\/v2\/comments?post=74055"}],"version-history":[{"count":0,"href":"https:\/\/www.europesays.com\/pt\/wp-json\/wp\/v2\/posts\/74055\/revisions"}],"wp:featuredmedia":[{"embeddable":true,"href":"https:\/\/www.europesays.com\/pt\/wp-json\/wp\/v2\/media\/74056"}],"wp:attachment":[{"href":"https:\/\/www.europesays.com\/pt\/wp-json\/wp\/v2\/media?parent=74055"}],"wp:term":[{"taxonomy":"category","embeddable":true,"href":"https:\/\/www.europesays.com\/pt\/wp-json\/wp\/v2\/categories?post=74055"},{"taxonomy":"post_tag","embeddable":true,"href":"https:\/\/www.europesays.com\/pt\/wp-json\/wp\/v2\/tags?post=74055"}],"curies":[{"name":"wp","href":"https:\/\/api.w.org\/{rel}","templated":true}]}}