{"id":74057,"date":"2025-09-16T17:30:15","date_gmt":"2025-09-16T17:30:15","guid":{"rendered":"https:\/\/www.europesays.com\/pt\/74057\/"},"modified":"2025-09-16T17:30:15","modified_gmt":"2025-09-16T17:30:15","slug":"concorrente-desiste-do-secret-story-a-mensagem-de-cristina-ferreira-2","status":"publish","type":"post","link":"https:\/\/www.europesays.com\/pt\/74057\/","title":{"rendered":"Concorrente desiste do &#8216;Secret Story&#8217;. A mensagem de Cristina Ferreira"},"content":{"rendered":"<p>Foi na emiss\u00e3o &#8216;Especial&#8217; do &#8216;Secret Story&#8217;, que \u00e9 transmitida logo a seguir ao &#8216;Jornal Nacional&#8217;, que Cristina Ferreira anunciou que um concorrente decidiu desistir do reality show em menos de 24 horas. <\/p>\n<p>F\u00e1bio Daniel quis sair do jogo e explicou as raz\u00f5es. &#8220;Ser muito ambicioso e ter foco funcionou durante muitos anos, mas era quando eu conseguia &#8211; aprendia agora &#8211; pegar num telem\u00f3vel e ligar para a m\u00e3e, para a fam\u00edlia. [&#8230;] Eu imaginei tudo, pensei que ia conseguir, aquele clich\u00ea de quem est\u00e1 c\u00e1 fora e diz que vai fazer melhor do que quem est\u00e1 c\u00e1 dentro. Pensava que chegava e que ia conseguir aguentar. N\u00e3o que ia dominar tudo, mas pensei que era mais um daqueles desafios que coloquei \u00e0 minha frente e que ia at\u00e9 ao fim&#8221;, come\u00e7ou por dizer. <\/p>\n<p>&#8220;Cristina, eu n\u00e3o sou parvo e a minha cara tamb\u00e9m me denunciava, os meus colegas disseram-me logo que as minhas express\u00f5es faciais denunciaram-me logo quando estava aborrecido ou n\u00e3o estava a concordar. Comecei a perceber que estava a ser um foco na gala&#8221;, acrescentou. <\/p>\n<p>Cristina Ferreira questionou desde logo &#8220;qual era o medo&#8221;. &#8220;Genuinamente, estava a dizer aquilo que achava. Diogo a minha opini\u00e3o e n\u00e3o tem que estar certa &#8211; h\u00e1 pessoas que v\u00e3o concordar e outras que v\u00e3o discordar. Estava s\u00f3 a dar a minha opini\u00e3o. Quando entrei na casa, uma das coisas que tinha bastante definidas eram justificar o que fa\u00e7o de forma clara, opinar sobre o que estivesse a acontecer&#8230;&#8221;, disse. <\/p>\n<p>F\u00e1bio Daniel destacou depois que o que mais o preocupa \u00e9 a fam\u00edlia. &#8220;At\u00e9 agora, todas as minhas ambi\u00e7\u00f5es e sonhos, corri e consegui cumprir. Mas pegava sempre no telem\u00f3vel no final do dia e falava com a minha m\u00e3e. Todos os dias falo com ela e tenho de saber que ela est\u00e1 bem.&#8221;<\/p>\n<p>&#8220;A minha m\u00e3e tem 73 anos e vive sozinha. Obviamente que fiz todo o discurso e toda a minha prepara\u00e7\u00e3o, e ela era das pouqu\u00edssimas pessoas que sabia que eu ia estar aqui. Ela disse-me que ia aguentar tudo, mas sei que a minha m\u00e3e \u00e9 como eu. H\u00e1 coisas que ela n\u00e3o se calhar n\u00e3o ia aguentar&#8221;, acrescentou. <\/p>\n<p>Sobre a decis\u00e3o de desistir do &#8216;Secret Story&#8217;, F\u00e1bio Daniel acredita que a m\u00e3e &#8220;vai compreender&#8221;. &#8220;Acima de tudo, a minha m\u00e3e sempre me apoiou em tudo na minha vida. E \u00e9 gra\u00e7as a ela tamb\u00e9m que consigo ser a pessoa determinada e que alcan\u00e7a o que consegue.&#8221;<\/p>\n<p>Ainda durante a emiss\u00e3o &#8216;Especial&#8217;, F\u00e1bio Daniel desvendou o segredo que guardava: &#8220;Vivi em pobreza extrema numa casa com ratos e cobras.&#8221;<\/p>\n<blockquote id=\"s-blockquote-embed-68\" data-instgrm-captioned=\"\" data-instgrm-permalink=\"https:\/\/www.instagram.com\/reel\/DOo2M9sgBS8\/?utm_source=ig_embed&amp;utm_campaign=loading\" data-instgrm-version=\"14\"><\/blockquote>\n<p>Ao falar sobre o segredo que guardava, o concorrente partilhou: &#8220;Estamos a falar desde que nasci e fui do hospital para essa mesma casa at\u00e9 perder o meu pai, aos 21 anos. Os meus irm\u00e3os viveram pior, tenho consci\u00eancia disso, e constru\u00edram vidas lindas e estou muito orgulhoso deles todos.&#8221;<\/p>\n<p>&#8220;\u00c9 um casa no interior, em Marco de Canaveses, uma aldeia pequena. O meu pai tinha uma doen\u00e7a do cora\u00e7\u00e3o que n\u00e3o lhe permitia trabalhar e n\u00f3s viv\u00edamos numa casa de campo, antiga. No in\u00edcio n\u00e3o t\u00ednhamos casa de banho, mas depois o senhoria fez-nos uma casa de banho pequenina l\u00e1 dentro&#8221;, lembrou, garantindo tamb\u00e9m que nunca passou fome porque &#8220;a m\u00e3e era uma guerreira&#8221;. <\/p>\n<p>&#8220;N\u00f3s viv\u00edamos com 300 euros por m\u00eas, \u00e9ramos tr\u00eas, eu, a minha m\u00e3e e o meu pai. Cerca de um ter\u00e7o era renda, e uma renda de valor muito baixo&#8221;, contou. <\/p>\n<p>Cristina Ferreira referiu depois que F\u00e1bio Daniel conseguiu, atrav\u00e9s de bolsas, entrar na faculdade, tendo terminado com mais de 19 valores. <\/p>\n<p>Quando decidiu participar no &#8216;Secret Story&#8217;, um dos objetivos era que os 250 mil euros (pr\u00e9mio final) ajudassem a m\u00e3e. Mas, frisou, o facto de n\u00e3o conseguir contactar a m\u00e3e e saber se a mesma est\u00e1 bem fez com que n\u00e3o aguentasse estar dentro da casa &#8216;mais vigiada do pa\u00eds&#8217;. &#8220;E penso, ser\u00e1 que 250 mil euros v\u00e3o fazer a diferen\u00e7a?&#8221;<\/p>\n<p>A mensagem de Cristina Ferreira<\/p>\n<p>Perante o agora ex-concorrente, Cristina Ferreira disse que queria receber o mesmo no &#8216;Dois \u00e0s 10&#8217;, da TVI, e conhecer melhor a sua hist\u00f3ria, &#8220;pois \u00e9 das mais incr\u00edveis que j\u00e1 tiveram no &#8216;Secret Story&#8217;. <\/p>\n<p>&#8220;Tenho mesmo muito pena que o F\u00e1bio desista. N\u00e3o esperava, confesso que apostei muitas fichas em si, e acho que deu para perceber s\u00f3 nos pequenos instantes que teve ontem que tipo de concorrente \u00e9 que podia ser. Ia ser um extraordin\u00e1rio concorrente mas, mais do que isso, hoje mostrou que \u00e9 um extraordin\u00e1rio filho. E que tudo aquilo que a sua m\u00e3e fez por si, o F\u00e1bio quer fazer por ela. N\u00e3o h\u00e1 dinheiro que possa pagar uma aus\u00eancia que d\u00f3i, que \u00e9 isso que o F\u00e1bio est\u00e1 a sentir neste momento.<\/p>\n<p>Para n\u00f3s, a equipa que o conhecemos, costum\u00e1vamos brincar e dizer que o F\u00e1bio tinha um computador na cabe\u00e7a, porque tem mesmo. O F\u00e1bio n\u00e3o deixa de pensar, quando era mi\u00fado foi diagnosticado com um QI acima da m\u00e9dia. Como uma pessoa muito inteligente, se calhar essa intelig\u00eancia traiu-o um bocadinho. Agrade\u00e7o-lhe do fundo do cora\u00e7\u00e3o nos ter permitido conhecer um bocadinho da sua hist\u00f3ria. Espero por si para a conhecermos melhor.<\/p>\n<p>Acho que a sua m\u00e3e se vai zangar um bocadinho porque ela estava a gostar de o ver a\u00ed dentro. E as m\u00e3es aguentam mesmo tudo, s\u00f3 querem a felicidade dos filhos. Mas desejo-lhe a maior das sortes, porque quem nasce na sua situa\u00e7\u00e3o e conquista o que o F\u00e1bio conquistou, s\u00f3 pode ter muita coisa boa dentro de si.&#8221;<\/p>\n<p>Leia Tamb\u00e9m: <a href=\"https:\/\/www.noticiasaominuto.com\/fama\/2853658\/eis-os-21-segredos-do-novo-secret-story-os-meus-pais-sao-milionarios\" target=\"_blank\" rel=\"noreferrer noopener nofollow\">Eis os 21 segredos do novo &#8216;Secret Story&#8217;. &#8220;Os meus pais s\u00e3o milion\u00e1rios&#8221;<\/a><\/p>\n<p><script async src=\"\/\/www.instagram.com\/embed.js\"><\/script><\/p>\n","protected":false},"excerpt":{"rendered":"Foi na emiss\u00e3o &#8216;Especial&#8217; do &#8216;Secret Story&#8217;, que \u00e9 transmitida logo a seguir ao &#8216;Jornal Nacional&#8217;, que Cristina&hellip;\n","protected":false},"author":2,"featured_media":74058,"comment_status":"","ping_status":"","sticky":false,"template":"","format":"standard","meta":{"footnotes":""},"categories":[142],"tags":[114,115,32,33,151],"class_list":{"0":"post-74057","1":"post","2":"type-post","3":"status-publish","4":"format-standard","5":"has-post-thumbnail","7":"category-tv","8":"tag-entertainment","9":"tag-entretenimento","10":"tag-portugal","11":"tag-pt","12":"tag-tv"},"share_on_mastodon":{"url":"","error":""},"_links":{"self":[{"href":"https:\/\/www.europesays.com\/pt\/wp-json\/wp\/v2\/posts\/74057","targetHints":{"allow":["GET"]}}],"collection":[{"href":"https:\/\/www.europesays.com\/pt\/wp-json\/wp\/v2\/posts"}],"about":[{"href":"https:\/\/www.europesays.com\/pt\/wp-json\/wp\/v2\/types\/post"}],"author":[{"embeddable":true,"href":"https:\/\/www.europesays.com\/pt\/wp-json\/wp\/v2\/users\/2"}],"replies":[{"embeddable":true,"href":"https:\/\/www.europesays.com\/pt\/wp-json\/wp\/v2\/comments?post=74057"}],"version-history":[{"count":0,"href":"https:\/\/www.europesays.com\/pt\/wp-json\/wp\/v2\/posts\/74057\/revisions"}],"wp:featuredmedia":[{"embeddable":true,"href":"https:\/\/www.europesays.com\/pt\/wp-json\/wp\/v2\/media\/74058"}],"wp:attachment":[{"href":"https:\/\/www.europesays.com\/pt\/wp-json\/wp\/v2\/media?parent=74057"}],"wp:term":[{"taxonomy":"category","embeddable":true,"href":"https:\/\/www.europesays.com\/pt\/wp-json\/wp\/v2\/categories?post=74057"},{"taxonomy":"post_tag","embeddable":true,"href":"https:\/\/www.europesays.com\/pt\/wp-json\/wp\/v2\/tags?post=74057"}],"curies":[{"name":"wp","href":"https:\/\/api.w.org\/{rel}","templated":true}]}}