{"id":74077,"date":"2025-09-16T17:41:08","date_gmt":"2025-09-16T17:41:08","guid":{"rendered":"https:\/\/www.europesays.com\/pt\/74077\/"},"modified":"2025-09-16T17:41:08","modified_gmt":"2025-09-16T17:41:08","slug":"barbara-guimaraes-fora-dos-globos-de-ouro-saiba-o-motivo","status":"publish","type":"post","link":"https:\/\/www.europesays.com\/pt\/74077\/","title":{"rendered":"B\u00e1rbara Guimar\u00e3es fora dos Globos de Ouro! Saiba o motivo"},"content":{"rendered":"<p>B\u00e1rbara Guimar\u00e3es n\u00e3o vai estar presente na edi\u00e7\u00e3o deste ano dos Globos de Ouro, que est\u00e1 agendada para o dia 28 de setembro, no Coliseu dos Recreios, em Lisboa.<\/p>\n<p>\u201c<strong>Este ano, n\u00e3o vou poder ir aos Globos de Ouro, porque vou estar numa miss\u00e3o por Portugal, em Osaka, na grande exposi\u00e7\u00e3o mundial, onde n\u00f3s estamos muito bem representados<\/strong>\u201c, disse a <a href=\"https:\/\/www.instagram.com\/barbaraguimaraesbg\/\" target=\"_blank\" rel=\"noopener nofollow\">comunicadora<\/a>.<\/p>\n<p>\u201c<strong>Calha exatamente na mesma altura dos Globos a inaugura\u00e7\u00e3o de um centro de exposi\u00e7\u00f5es tempor\u00e1rias no nosso grande pavilh\u00e3o de Portugal. Mas vou mandar para a Casa Feliz imagens desta aventura e assim voc\u00eas podem ir dando informa\u00e7\u00e3o<\/strong>\u201c, acrescentou.<\/p>\n<p>Portugal est\u00e1 representado na Expo 2025, em Osaka, no Jap\u00e3o, juntamente com mais 160 pa\u00edses.<\/p>\n<p>Sob o tema \u201cOceano, Di\u00e1logo Azul\u201d, Portugal destaca-se nesta Exposi\u00e7\u00e3o mundial como uma na\u00e7\u00e3o profundamente ligada ao mar e no papel fundamental que desempenha na prote\u00e7\u00e3o dos oceanos e na promo\u00e7\u00e3o da economia azul.<\/p>\n<p><script async src=\"\/\/www.instagram.com\/embed.js\"><\/script><\/p>\n","protected":false},"excerpt":{"rendered":"B\u00e1rbara Guimar\u00e3es n\u00e3o vai estar presente na edi\u00e7\u00e3o deste ano dos Globos de Ouro, que est\u00e1 agendada para&hellip;\n","protected":false},"author":2,"featured_media":74078,"comment_status":"","ping_status":"","sticky":false,"template":"","format":"standard","meta":{"footnotes":""},"categories":[145],"tags":[211,210,114,115,32,33],"class_list":{"0":"post-74077","1":"post","2":"type-post","3":"status-publish","4":"format-standard","5":"has-post-thumbnail","7":"category-celebridades","8":"tag-celebridades","9":"tag-celebrities","10":"tag-entertainment","11":"tag-entretenimento","12":"tag-portugal","13":"tag-pt"},"share_on_mastodon":{"url":"","error":""},"_links":{"self":[{"href":"https:\/\/www.europesays.com\/pt\/wp-json\/wp\/v2\/posts\/74077","targetHints":{"allow":["GET"]}}],"collection":[{"href":"https:\/\/www.europesays.com\/pt\/wp-json\/wp\/v2\/posts"}],"about":[{"href":"https:\/\/www.europesays.com\/pt\/wp-json\/wp\/v2\/types\/post"}],"author":[{"embeddable":true,"href":"https:\/\/www.europesays.com\/pt\/wp-json\/wp\/v2\/users\/2"}],"replies":[{"embeddable":true,"href":"https:\/\/www.europesays.com\/pt\/wp-json\/wp\/v2\/comments?post=74077"}],"version-history":[{"count":0,"href":"https:\/\/www.europesays.com\/pt\/wp-json\/wp\/v2\/posts\/74077\/revisions"}],"wp:featuredmedia":[{"embeddable":true,"href":"https:\/\/www.europesays.com\/pt\/wp-json\/wp\/v2\/media\/74078"}],"wp:attachment":[{"href":"https:\/\/www.europesays.com\/pt\/wp-json\/wp\/v2\/media?parent=74077"}],"wp:term":[{"taxonomy":"category","embeddable":true,"href":"https:\/\/www.europesays.com\/pt\/wp-json\/wp\/v2\/categories?post=74077"},{"taxonomy":"post_tag","embeddable":true,"href":"https:\/\/www.europesays.com\/pt\/wp-json\/wp\/v2\/tags?post=74077"}],"curies":[{"name":"wp","href":"https:\/\/api.w.org\/{rel}","templated":true}]}}