{"id":74094,"date":"2025-09-16T17:53:12","date_gmt":"2025-09-16T17:53:12","guid":{"rendered":"https:\/\/www.europesays.com\/pt\/74094\/"},"modified":"2025-09-16T17:53:12","modified_gmt":"2025-09-16T17:53:12","slug":"balsemao-pede-que-se-cerrem-fileiras-em-torno-de-mendes-observador","status":"publish","type":"post","link":"https:\/\/www.europesays.com\/pt\/74094\/","title":{"rendered":"Balsem\u00e3o pede que se &#8220;cerrem fileiras&#8221; em torno de Mendes \u2013 Observador"},"content":{"rendered":"<p>O fundador do PSD Francisco Pinto Balsem\u00e3o apela a que os \u201c\u00e2nimos da milit\u00e2ncia\u201d venham ao de cima, que se \u201cganhe pulso\u201d e se \u201c<strong>cerrem fileiras<\/strong> \u00e0 volta de Lu\u00eds Marques Mendes\u201d. O presidente da Comiss\u00e3o Pol\u00edtica da candidatura n\u00e3o p\u00f4de estar presente na primeira reuni\u00e3o de conselheiros de Mendes por raz\u00f5es de sa\u00fade, mas deixou uma mensagem a enaltecer as qualidades do ex-l\u00edder do PSD e a alertar para a dificuldade que \u00e9 vencer as pr\u00f3ximas presidenciais.<\/p>\n<p>Francisco Pinto Balsem\u00e3o escreve que a composi\u00e7\u00e3o da Comiss\u00e3o Pol\u00edtica \u2014 que tem figuras do PSD, mas tamb\u00e9m diversos independentes \u2014\u00a0 \u201cprova que o candidato se expande para al\u00e9m do partido, o que me parece<strong> indispens\u00e1vel para o exerc\u00edcio do cargo<\/strong>\u201c. O fundador do PSD elogia ainda os \u201c<strong>dotes provados de comunicador<\/strong>\u201d de Marques Mendes e \u201ca longa experi\u00eancia pol\u00edtica ganha no partido e nos Governos de que fez parte, <strong>sem nunca se fechar nos gabinetes<\/strong>.\u201d<\/p>\n<p>O antigo primeiro-ministro elenca depois as dificuldades que o candidato apoiado pelo PSD vai enfrentar: \u201cN\u00e3o vai ser f\u00e1cil a miss\u00e3o que temos pela frente, com elei\u00e7\u00f5es aut\u00e1rquicas pelo caminho, a <strong>diversidade de candidatos \u00e0 Presid\u00eancia<\/strong> da Rep\u00fablica para todos os gostos e uma popula\u00e7\u00e3o ainda ferida pela calamidade dos <strong>inc\u00eandios<\/strong> e <strong>o brutal acidente<\/strong> em Lisboa com as dolorosas consequ\u00eancias que todos lamentamos.\u201d<\/p>\n<p>Para Balsem\u00e3o \u201ca satura\u00e7\u00e3o de elei\u00e7\u00f5es muito pr\u00f3ximas e o prolongamento de <strong>querelas maldosas provocadas e aproveitadas por interesses pol\u00edticos obscenos<\/strong> que se alimentam das desgra\u00e7as alheias, podem levar \u00e0 descren\u00e7a no valor do voto, \u00e0 queda no des\u00e2nimo e ced\u00eancia \u00e0 absten\u00e7\u00e3o.\u201d Da\u00ed que apele ao \u00e2nimo em torno da candidatura de Marques Mendes para que este possa passar uma mensagem de \u201cesperan\u00e7a num futuro melhor\u201d. E termina com um motivador \u201cVamos em frente!\u201d.<\/p>\n<p>A Comiss\u00e3o Pol\u00edtica de Lu\u00eds Marques Mendes, que re\u00fane esta ter\u00e7a-feira \u00e0 tarde pela primeira vez, \u00e9 presidida por Francisco Pinto Balsem\u00e3o e tem como membros como o eurodeputado Sebasti\u00e3o Bugalho, o ex-deputado do CDS Francisco Mendes da Silva, o antigo secret\u00e1rio de Estado do PSD Jos\u00e9 Eduardo Martins, Rita Marques Guedes, Andr\u00e9 Sampaio, a ex-ministra do PSD Teresa Patr\u00edcio Gouveia , Tiago Duarte, David Lopes, Carla Quevedo, o ex-presidente da c\u00e2mara municipal de Coimbra Carlos Encarna\u00e7\u00e3o, o antigo secret\u00e1rio de Estado do PS Jos\u00e9 Gomes Mendes, o ex-secret\u00e1rio de Estado do CDS Diogo Feio, o ex-ministro do PSD Miguel Poiares Maduro, o escritor Afonso Reis Cabral, Alberico Fernandes, o ex-ministro do PSD Arlindo Cunha, Ant\u00f3nio Pinto Leite , Raquel Vaz Pinto e Jo\u00e3o Perestrelo.<\/p>\n<p>                            Se tiver uma hist\u00f3ria que queira partilhar sobre irregularidades na sua autarquia, preencha<br \/>\n                            <a href=\"https:\/\/forms.gle\/uQ1gDpSwmRd7ezUf8\" target=\"_blank\" rel=\"noopener noreferrer nofollow\">este formul\u00e1rio an\u00f3nimo<\/a>.<\/p>\n","protected":false},"excerpt":{"rendered":"O fundador do PSD Francisco Pinto Balsem\u00e3o apela a que os \u201c\u00e2nimos da milit\u00e2ncia\u201d venham ao de cima,&hellip;\n","protected":false},"author":2,"featured_media":74095,"comment_status":"","ping_status":"","sticky":false,"template":"","format":"standard","meta":{"footnotes":""},"categories":[10],"tags":[27,28,1077,15,16,19490,14,25,26,7604,21,22,12,13,19,20,57,302,32,1076,23,24,4579,33,58,17,18,29,30,31],"class_list":{"0":"post-74094","1":"post","2":"type-post","3":"status-publish","4":"format-standard","5":"has-post-thumbnail","7":"category-portugal","8":"tag-breaking-news","9":"tag-breakingnews","10":"tag-eleiu00e7u00f5es","11":"tag-featured-news","12":"tag-featurednews","13":"tag-francisco-pinto-balsemu00e3o","14":"tag-headlines","15":"tag-latest-news","16":"tag-latestnews","17":"tag-luu00eds-marques-mendes","18":"tag-main-news","19":"tag-mainnews","20":"tag-news","21":"tag-noticias","22":"tag-noticias-principais","23":"tag-noticiasprincipais","24":"tag-pau00eds","25":"tag-polu00edtica","26":"tag-portugal","27":"tag-presidenciais-2026","28":"tag-principais-noticias","29":"tag-principaisnoticias","30":"tag-psd","31":"tag-pt","32":"tag-sociedade","33":"tag-top-stories","34":"tag-topstories","35":"tag-ultimas","36":"tag-ultimas-noticias","37":"tag-ultimasnoticias"},"share_on_mastodon":{"url":"","error":""},"_links":{"self":[{"href":"https:\/\/www.europesays.com\/pt\/wp-json\/wp\/v2\/posts\/74094","targetHints":{"allow":["GET"]}}],"collection":[{"href":"https:\/\/www.europesays.com\/pt\/wp-json\/wp\/v2\/posts"}],"about":[{"href":"https:\/\/www.europesays.com\/pt\/wp-json\/wp\/v2\/types\/post"}],"author":[{"embeddable":true,"href":"https:\/\/www.europesays.com\/pt\/wp-json\/wp\/v2\/users\/2"}],"replies":[{"embeddable":true,"href":"https:\/\/www.europesays.com\/pt\/wp-json\/wp\/v2\/comments?post=74094"}],"version-history":[{"count":0,"href":"https:\/\/www.europesays.com\/pt\/wp-json\/wp\/v2\/posts\/74094\/revisions"}],"wp:featuredmedia":[{"embeddable":true,"href":"https:\/\/www.europesays.com\/pt\/wp-json\/wp\/v2\/media\/74095"}],"wp:attachment":[{"href":"https:\/\/www.europesays.com\/pt\/wp-json\/wp\/v2\/media?parent=74094"}],"wp:term":[{"taxonomy":"category","embeddable":true,"href":"https:\/\/www.europesays.com\/pt\/wp-json\/wp\/v2\/categories?post=74094"},{"taxonomy":"post_tag","embeddable":true,"href":"https:\/\/www.europesays.com\/pt\/wp-json\/wp\/v2\/tags?post=74094"}],"curies":[{"name":"wp","href":"https:\/\/api.w.org\/{rel}","templated":true}]}}