{"id":74096,"date":"2025-09-16T17:54:13","date_gmt":"2025-09-16T17:54:13","guid":{"rendered":"https:\/\/www.europesays.com\/pt\/74096\/"},"modified":"2025-09-16T17:54:13","modified_gmt":"2025-09-16T17:54:13","slug":"nunca-desejei-ser-candidato-andre-ventura-anuncia-corrida-as-presidenciais","status":"publish","type":"post","link":"https:\/\/www.europesays.com\/pt\/74096\/","title":{"rendered":"&#8220;Nunca desejei ser candidato&#8221;. Andr\u00e9 Ventura anuncia corrida \u00e0s Presidenciais"},"content":{"rendered":"<p>&#13;<br \/>\n<b>\u201cN\u00e3o desejei estas elei\u00e7\u00f5es Presidenciais, n\u00e3o desejei ser candidato nestas elei\u00e7\u00f5es presidenciais, entendo \u2013 como entendi no passado \u2013 que o l\u00edder da oposi\u00e7\u00e3o n\u00e3o tem como voca\u00e7\u00e3o primeira ser candidato \u00e0 Presid\u00eancia da Rep\u00fablica. Disse-o e assumo-o aqui esta tarde\u201d<\/b>, afirmou Andr\u00e9 Ventura antes de anunciar a decis\u00e3o de se juntar \u00e0 corrida para Bel\u00e9m.&#13;\n<\/p>\n<p>\n<b>&#8220;Serei candidato \u00e0s elei\u00e7\u00f5es presidenciais de 2026&#8221;<\/b>, anunciou, numa declara\u00e7\u00e3o \u00e0 imprensa, na sede do partido em Lisboa.<\/p>\n<p>Apesar de repetir que n\u00e3o pretendia, enquando l\u00edder do partido e da oposi\u00e7\u00e3o do Governo ser candidato a Bel\u00e9m, considerou que &#8220;o Chega tinha de ter voz&#8221; nestas Presidenciais.&#13;\n<\/p>\n<p>          <img decoding=\"async\" itemprop=\"image\" class=\"img-fluid\"   src=\"https:\/\/www.europesays.com\/pt\/wp-content\/uploads\/2025\/09\/ded35f13b73c8f0ecac09ac66f7db486_N.jpg\"\/><\/p>\n<p>No dia 18 de janeiro de 2026, o pa\u00eds disputar\u00e1 elei\u00e7\u00f5es presidenciais e o Chega, que se tornou &#8220;no segundo maior partido do pa\u00eds&#8221;, nas \u00faltimas Legislativas, n\u00e3o podia &#8220;deixar em sil\u00eancio uma candidatura&#8221; como a que representar\u00e1 para a corrida \u00e0 Presid\u00eancia de Bel\u00e9m.<\/p>\n<p><b>\u201cO Chega n\u00e3o pode, n\u00e3o tem o direito, nem deve olhar para o lado, ignorar os seus militantes, os seus apoiantes e n\u00e3o lhes dar voz nestas elei\u00e7\u00f5es. Como sempre disse, o Chega tem de ter voz nestas presidenciais, fosse o seu l\u00edder o candidato ou qualquer outro nome numa candidatura&#8221;<\/b>, argumentou Ventura. <\/p>\n<p>\u201cToda a minha vida pol\u00edtica foi feita e continua a ser feita, dentro daquilo que S\u00e1 Carneiro dizia: \u2018a pol\u00edtica sem risco \u00e9 uma chatice\u2019\u201d.<br \/>&#13;<br \/>\n<br \/>&#13;<br \/>\n\u201cN\u00e3o desejei estas elei\u00e7\u00f5es Presidenciais, n\u00e3o desejei ser candidato nestas elei\u00e7\u00f5es presidenciais, entendo \u2013 como entendi no passado \u2013 que o l\u00edder da oposi\u00e7\u00e3o n\u00e3o tem como voca\u00e7\u00e3o primeira ser candidato \u00e0 Presid\u00eancia da Rep\u00fablica. Disse-o e assumo-o aqui esta tarde\u201d, continuou.<\/p>\n<p>Nos \u00faltimos meses, o l\u00edder partid\u00e1rio tentou &#8220;garantir que o Chega tinha um candidato \u00e0 altura das suas aspira\u00e7\u00f5es, n\u00e3o um candidato qualquer que deixasse pelo caminho o partido, mas algu\u00e9m que nos levasse \u00e0 segunda volta das Presidenciais 2026\u201d.<\/p>\n<p>\u201cFalhei nessa tarefa de encontrar essa alternativa&#8221;, admitiu e acrescento que, embora n\u00e3o seja &#8220;segredo&#8221;, <b>&#8220;tinha preferido que Pedro Passos Coelho fosse candidato a presidente da Rep\u00fabica&#8221;.<\/b><\/p>\n<p>O que &#8220;n\u00e3o foi poss\u00edvel&#8221;. E nesse caso, &#8220;um l\u00edder de um partido tem de agir com o que tem e n\u00e3o com o que gostaria que tivessem&#8221;. <\/p>\n<p>&#8220;A pol\u00edtica muitas vezes \u00e9 a arte do poss\u00edvel e a arte do garantir que aquele partido que lideramos (\u2026) est\u00e1 representado e os seus eleitores est\u00e3o representados\u201d.&#13;\n<\/p>\n<p>Ainda antes de oficializar a candidatura, <b>Andr\u00e9 Ventura disse n\u00e3o ter olhado &#8220;para o risco pessoal&#8221;, mas &#8220;sempre para aquilo que quer\u00edamos alcan\u00e7ar enquanto movimento\u201d.<\/b><\/p>\n<p>\u201cO pa\u00eds est\u00e1 primeiro e as lutas pelo pa\u00eds valem mais\u201d, apesar de acreditar que &#8220;o sistema sempre quis uma candidatura fraca do Chega nesta elei\u00e7\u00f5es, (\u2026) para poder dizer que nos vencia, que nos humilhava e que foi um epifen\u00f3meno o que aconteceu em maio ou no ano passado nas Legislativas\u201d.<\/p>\n<p><b>\u201cO sistema queria candidatos fracos para podermos apoiar\u201d.<\/b><\/p>\n<p>Mas o l\u00edder do partido assegurou que nunca permitir\u00e1, &#8220;deliberadamente, que o Chega tenha candidaturas para perder ou fracas, independentemente, da elei\u00e7\u00e3o\u201d.<\/p>\n<p><b>\u201cEstas elei\u00e7\u00f5es Presidenciais n\u00e3o foram uma escolha minha, n\u00e3o s\u00e3o o meu desejo nem seriam o meu desejo&#8221;<\/b>, repetiu. <b>&#8220;Mas s\u00e3o, neste momento, (\u2026) a melhor forma de liderar a oposi\u00e7\u00e3o em Portugal e garantir que essa oposi\u00e7\u00e3o ser\u00e1 liderada por quem verdadeiramente quer transformar o pa\u00eds e quem tudo arriscar\u00e1 para vencer o sistema e transformar o pa\u00eds\u201d.<\/b><\/p>\n<p>\u201cEstas elei\u00e7\u00f5es representam riscos para o Chega. Mesmo assim, quisemos arriscar e dizer \u00e0s pessoas que est\u00e1vamos presentes\u201d.&#13;\n<\/p>\n<p>Numa declara\u00e7\u00e3o na sede do Chega, sem direito a perguntas, Andr\u00e9 Ventura apresentou-se como um candidato &#8220;em nome do Chega, antissistema e que representa um corte com o dom\u00ednio dos partidos&#8221; e considerou que o antigo almirante Henrique Gouveia e Melo, seu advers\u00e1rio, \u00e9 um &#8220;representante do espa\u00e7o socialista&#8221;.<br \/>\n<b><br \/>&#13;<br \/>\n&#8220;Na verdade, n\u00e3o h\u00e1 nenhuma duplicidade nem nenhuma luta entre candidatos antissistema. H\u00e1 um candidato antissistema e h\u00e1 um candidato que acontece de ser militar e que vai representar o espa\u00e7o do socialismo e do centro pol\u00edtico em Portugal&#8221;<\/b>, defendeu, referindo-se a Gouveia e Melo, que deixou a vida militar para se candidatar a Bel\u00e9m. <\/p>\n<p>O objetivo da candidatura de Andr\u00e9 Ventura \u00e9 <b>&#8220;acabar de vez com o bipartidarismo e enterr\u00e1-lo, como fizemos no dia 18 de maio, ser\u00e1 a garantia que tom\u00e1mos a op\u00e7\u00e3o certa para estas elei\u00e7\u00f5es presidenciais&#8221;. <\/b><br \/>&#13;<br \/>\n<b><br \/>&#13;<br \/>\n&#8220;Se formos \u00e0 segunda volta, e mesmo que ven\u00e7amos estas elei\u00e7\u00f5es presidenciais, significou o levantar de um movimento pol\u00edtico que nunca se viu no nosso pa\u00eds, capaz de derrotar em poucos meses PS e PSD e capaz de remet\u00ea-los \u00e0 insignific\u00e2ncia das suas candidaturas&#8221;<\/b>, sustentou.<br \/>&#13;<\/p>\n","protected":false},"excerpt":{"rendered":"&#13; \u201cN\u00e3o desejei estas elei\u00e7\u00f5es Presidenciais, n\u00e3o desejei ser candidato nestas elei\u00e7\u00f5es presidenciais, entendo \u2013 como entendi no&hellip;\n","protected":false},"author":2,"featured_media":74097,"comment_status":"","ping_status":"","sticky":false,"template":"","format":"standard","meta":{"footnotes":""},"categories":[8],"tags":[27,28,15,16,14,25,26,21,22,12,13,19,20,32,23,24,33,420,421,17,18,29,30,31],"class_list":{"0":"post-74096","1":"post","2":"type-post","3":"status-publish","4":"format-standard","5":"has-post-thumbnail","7":"category-principais-noticias","8":"tag-breaking-news","9":"tag-breakingnews","10":"tag-featured-news","11":"tag-featurednews","12":"tag-headlines","13":"tag-latest-news","14":"tag-latestnews","15":"tag-main-news","16":"tag-mainnews","17":"tag-news","18":"tag-noticias","19":"tag-noticias-principais","20":"tag-noticiasprincipais","21":"tag-portugal","22":"tag-principais-noticias","23":"tag-principaisnoticias","24":"tag-pt","25":"tag-rtp","26":"tag-rtp-noticias","27":"tag-top-stories","28":"tag-topstories","29":"tag-ultimas","30":"tag-ultimas-noticias","31":"tag-ultimasnoticias"},"share_on_mastodon":{"url":"","error":""},"_links":{"self":[{"href":"https:\/\/www.europesays.com\/pt\/wp-json\/wp\/v2\/posts\/74096","targetHints":{"allow":["GET"]}}],"collection":[{"href":"https:\/\/www.europesays.com\/pt\/wp-json\/wp\/v2\/posts"}],"about":[{"href":"https:\/\/www.europesays.com\/pt\/wp-json\/wp\/v2\/types\/post"}],"author":[{"embeddable":true,"href":"https:\/\/www.europesays.com\/pt\/wp-json\/wp\/v2\/users\/2"}],"replies":[{"embeddable":true,"href":"https:\/\/www.europesays.com\/pt\/wp-json\/wp\/v2\/comments?post=74096"}],"version-history":[{"count":0,"href":"https:\/\/www.europesays.com\/pt\/wp-json\/wp\/v2\/posts\/74096\/revisions"}],"wp:featuredmedia":[{"embeddable":true,"href":"https:\/\/www.europesays.com\/pt\/wp-json\/wp\/v2\/media\/74097"}],"wp:attachment":[{"href":"https:\/\/www.europesays.com\/pt\/wp-json\/wp\/v2\/media?parent=74096"}],"wp:term":[{"taxonomy":"category","embeddable":true,"href":"https:\/\/www.europesays.com\/pt\/wp-json\/wp\/v2\/categories?post=74096"},{"taxonomy":"post_tag","embeddable":true,"href":"https:\/\/www.europesays.com\/pt\/wp-json\/wp\/v2\/tags?post=74096"}],"curies":[{"name":"wp","href":"https:\/\/api.w.org\/{rel}","templated":true}]}}