{"id":74132,"date":"2025-09-16T18:25:20","date_gmt":"2025-09-16T18:25:20","guid":{"rendered":"https:\/\/www.europesays.com\/pt\/74132\/"},"modified":"2025-09-16T18:25:20","modified_gmt":"2025-09-16T18:25:20","slug":"sintra-piscina-das-azenhas-do-mar-interdita-observador","status":"publish","type":"post","link":"https:\/\/www.europesays.com\/pt\/74132\/","title":{"rendered":"Sintra. Piscina das Azenhas do Mar interdita \u2013 Observador"},"content":{"rendered":"<p>A piscina oce\u00e2nica da praia das Azenhas do Mar, em Sintra, foi interditada no final de agosto e por tempo indeterminado ap\u00f3s terem sido identificadas graves defici\u00eancias estruturais, disse esta ter\u00e7a-feira \u00e0 Lusa fonte do munic\u00edpio.<\/p>\n<p>De acordo com um edital da Capitania do Porto de Cascais, Autoridade Mar\u00edtima Nacional e Minist\u00e9rio da Defesa Nacional, a piscina oce\u00e2nica foi interditada ap\u00f3s vistorias realizadas pela Unidade de Sa\u00fade P\u00fablica de Sintra, no distrito de Lisboa, em 20 de junho e 25 de agosto, <strong>nas quais foram identificadas graves defici\u00eancias estruturais<\/strong>.<\/p>\n<p>De acordo com o edital, durante as vistorias foi detetado que o sistema de drenagem n\u00e3o tem prote\u00e7\u00e3o adequada, com risco iminente de afogamento, degrada\u00e7\u00e3o nas escadas de acesso, inexist\u00eancia de barreiras de prote\u00e7\u00e3o no cais de acesso e deficiente estado de conserva\u00e7\u00e3o e manuten\u00e7\u00e3o das estruturas de apoio.<\/p>\n<p>\u201cAs condi\u00e7\u00f5es descritas constituem risco s\u00e9rio para a seguran\u00e7a de pessoas e bens, impondo-se a ado\u00e7\u00e3o imediata de medidas preventivas\u201d, \u00e9 referido no edital datado de 27 de agosto e assinado pelo capit\u00e3o do Porto de Cascais, comandante Jos\u00e9 Marques Coelho.<\/p>\n<p>Na sequ\u00eancia das graves defici\u00eancias detetadas, o capit\u00e3o do Porto determinou a interdi\u00e7\u00e3o total da piscina oce\u00e2nica por tempo indeterminado at\u00e9 que sejam conclu\u00eddas as obras de beneficia\u00e7\u00e3o e implementadas as medidas corretivas determinadas pelas entidades competentes.<\/p>\n<p>\u201cA interdi\u00e7\u00e3o abrange o acesso, perman\u00eancia e utiliza\u00e7\u00e3o da piscina oce\u00e2nica, n\u00e3o sendo permitida qualquer atividade balnear ou recreativa no seu interior\u201d, \u00e9 referido no edital.<\/p>\n<p>A interdi\u00e7\u00e3o ser\u00e1 devidamente sinalizada e refor\u00e7ada por barreiras f\u00edsicas e s\u00f3 ser\u00e1 levantada quando estiveram restabelecidas todas as condi\u00e7\u00f5es de seguran\u00e7a.<\/p>\n<p>\u201cO n\u00e3o cumprimento das disposi\u00e7\u00f5es agora definidas constitui contraordena\u00e7\u00e3o, nos termos da legisla\u00e7\u00e3o em vigor, sendo pass\u00edvel de puni\u00e7\u00e3o com coima, sem preju\u00edzo da aplica\u00e7\u00e3o de san\u00e7\u00f5es acess\u00f3rias\u201d, pode ler-se no edital.<\/p>\n<p>Contactada pela ag\u00eancia Lusa, fonte da C\u00e2mara Municipal de Sintra adiantou que o munic\u00edpio est\u00e1 a acompanhar a situa\u00e7\u00e3o.<\/p>\n<p>\u201cA C\u00e2mara Municipal de Sintra, APA [Ag\u00eancia Portuguesa do Ambiente], Capitania do Porto de Cascais e concession\u00e1rio est\u00e3o a desenvolver esfor\u00e7os para a r\u00e1pida resolu\u00e7\u00e3o dos pontos identificados por forma a garantir a seguran\u00e7a de todos\u201d.<\/p>\n","protected":false},"excerpt":{"rendered":"A piscina oce\u00e2nica da praia das Azenhas do Mar, em Sintra, foi interditada no final de agosto e&hellip;\n","protected":false},"author":2,"featured_media":74133,"comment_status":"","ping_status":"","sticky":false,"template":"","format":"standard","meta":{"footnotes":""},"categories":[10],"tags":[27,28,4644,15,16,14,25,26,294,186,797,21,22,12,13,19,20,57,14651,32,23,24,33,58,17,18,29,30,31],"class_list":{"0":"post-74132","1":"post","2":"type-post","3":"status-publish","4":"format-standard","5":"has-post-thumbnail","7":"category-portugal","8":"tag-breaking-news","9":"tag-breakingnews","10":"tag-cascais","11":"tag-featured-news","12":"tag-featurednews","13":"tag-headlines","14":"tag-latest-news","15":"tag-latestnews","16":"tag-lazer","17":"tag-lifestyle","18":"tag-lisboa","19":"tag-main-news","20":"tag-mainnews","21":"tag-news","22":"tag-noticias","23":"tag-noticias-principais","24":"tag-noticiasprincipais","25":"tag-pau00eds","26":"tag-piscinas","27":"tag-portugal","28":"tag-principais-noticias","29":"tag-principaisnoticias","30":"tag-pt","31":"tag-sociedade","32":"tag-top-stories","33":"tag-topstories","34":"tag-ultimas","35":"tag-ultimas-noticias","36":"tag-ultimasnoticias"},"share_on_mastodon":{"url":"","error":""},"_links":{"self":[{"href":"https:\/\/www.europesays.com\/pt\/wp-json\/wp\/v2\/posts\/74132","targetHints":{"allow":["GET"]}}],"collection":[{"href":"https:\/\/www.europesays.com\/pt\/wp-json\/wp\/v2\/posts"}],"about":[{"href":"https:\/\/www.europesays.com\/pt\/wp-json\/wp\/v2\/types\/post"}],"author":[{"embeddable":true,"href":"https:\/\/www.europesays.com\/pt\/wp-json\/wp\/v2\/users\/2"}],"replies":[{"embeddable":true,"href":"https:\/\/www.europesays.com\/pt\/wp-json\/wp\/v2\/comments?post=74132"}],"version-history":[{"count":0,"href":"https:\/\/www.europesays.com\/pt\/wp-json\/wp\/v2\/posts\/74132\/revisions"}],"wp:featuredmedia":[{"embeddable":true,"href":"https:\/\/www.europesays.com\/pt\/wp-json\/wp\/v2\/media\/74133"}],"wp:attachment":[{"href":"https:\/\/www.europesays.com\/pt\/wp-json\/wp\/v2\/media?parent=74132"}],"wp:term":[{"taxonomy":"category","embeddable":true,"href":"https:\/\/www.europesays.com\/pt\/wp-json\/wp\/v2\/categories?post=74132"},{"taxonomy":"post_tag","embeddable":true,"href":"https:\/\/www.europesays.com\/pt\/wp-json\/wp\/v2\/tags?post=74132"}],"curies":[{"name":"wp","href":"https:\/\/api.w.org\/{rel}","templated":true}]}}