{"id":74187,"date":"2025-09-16T19:12:51","date_gmt":"2025-09-16T19:12:51","guid":{"rendered":"https:\/\/www.europesays.com\/pt\/74187\/"},"modified":"2025-09-16T19:12:51","modified_gmt":"2025-09-16T19:12:51","slug":"linha-sao-pedro-do-estoril-cascais-fechada-nos-proximos-fins-de-semana","status":"publish","type":"post","link":"https:\/\/www.europesays.com\/pt\/74187\/","title":{"rendered":"Linha S\u00e3o Pedro do Estoril-Cascais Fechada nos Pr\u00f3ximos Fins de Semana"},"content":{"rendered":"<p>A liga\u00e7\u00e3o ferrovi\u00e1ria entre\u00a0S\u00e3o\u00a0Pedro do Estoril e Cascais vai estar interrompida nos fins de semana de 20 e 21, no sentido Lisboa-Cascais, e de 27 e 28, no sentido\u00a0Cascais-Lisboa,\u00a0informou a Infraestruturas de Portugal (IP).<\/p>\n<p>Em comunicado,\u00a0a IP refere que, devido \u00e0 &#8220;execu\u00e7\u00e3o de trabalhos de refor\u00e7o da seguran\u00e7a e efici\u00eancia da estrutura ferrovi\u00e1ria\u00a0no pont\u00e3o de S\u00e3o Pedro do Estoril&#8221;, \u00e9 necess\u00e1rio &#8220;proceder \u00e0 interdi\u00e7\u00e3o deste tro\u00e7o em dois fins de semana sucessivos&#8221;.<\/p>\n<p><strong>A obra, realizada no \u00e2mbito da moderniza\u00e7\u00e3o da via,\u00a0&#8220;tem como principais objetivos dotar a Linha de Cascais de maiores n\u00edveis de efici\u00eancia e seguran\u00e7a&#8221;, adianta a IP no comunicado conjunto com a Comboios de Portugal (CP)<\/strong>.<\/p>\n<p>Para mitigar o impacto do encerramento da linha, a CP ir\u00e1 disponibilizar autocarros cujos hor\u00e1rios e paragens\u00a0podem ser consultados em\u00a0www.cp.pt.<\/p>\n","protected":false},"excerpt":{"rendered":"A liga\u00e7\u00e3o ferrovi\u00e1ria entre\u00a0S\u00e3o\u00a0Pedro do Estoril e Cascais vai estar interrompida nos fins de semana de 20 e&hellip;\n","protected":false},"author":2,"featured_media":74188,"comment_status":"","ping_status":"","sticky":false,"template":"","format":"standard","meta":{"footnotes":""},"categories":[10],"tags":[27,28,4644,13858,15,16,14,25,26,21,22,12,13,19,20,32,23,24,33,17,18,29,30,31],"class_list":{"0":"post-74187","1":"post","2":"type-post","3":"status-publish","4":"format-standard","5":"has-post-thumbnail","7":"category-portugal","8":"tag-breaking-news","9":"tag-breakingnews","10":"tag-cascais","11":"tag-comboios","12":"tag-featured-news","13":"tag-featurednews","14":"tag-headlines","15":"tag-latest-news","16":"tag-latestnews","17":"tag-main-news","18":"tag-mainnews","19":"tag-news","20":"tag-noticias","21":"tag-noticias-principais","22":"tag-noticiasprincipais","23":"tag-portugal","24":"tag-principais-noticias","25":"tag-principaisnoticias","26":"tag-pt","27":"tag-top-stories","28":"tag-topstories","29":"tag-ultimas","30":"tag-ultimas-noticias","31":"tag-ultimasnoticias"},"share_on_mastodon":{"url":"","error":""},"_links":{"self":[{"href":"https:\/\/www.europesays.com\/pt\/wp-json\/wp\/v2\/posts\/74187","targetHints":{"allow":["GET"]}}],"collection":[{"href":"https:\/\/www.europesays.com\/pt\/wp-json\/wp\/v2\/posts"}],"about":[{"href":"https:\/\/www.europesays.com\/pt\/wp-json\/wp\/v2\/types\/post"}],"author":[{"embeddable":true,"href":"https:\/\/www.europesays.com\/pt\/wp-json\/wp\/v2\/users\/2"}],"replies":[{"embeddable":true,"href":"https:\/\/www.europesays.com\/pt\/wp-json\/wp\/v2\/comments?post=74187"}],"version-history":[{"count":0,"href":"https:\/\/www.europesays.com\/pt\/wp-json\/wp\/v2\/posts\/74187\/revisions"}],"wp:featuredmedia":[{"embeddable":true,"href":"https:\/\/www.europesays.com\/pt\/wp-json\/wp\/v2\/media\/74188"}],"wp:attachment":[{"href":"https:\/\/www.europesays.com\/pt\/wp-json\/wp\/v2\/media?parent=74187"}],"wp:term":[{"taxonomy":"category","embeddable":true,"href":"https:\/\/www.europesays.com\/pt\/wp-json\/wp\/v2\/categories?post=74187"},{"taxonomy":"post_tag","embeddable":true,"href":"https:\/\/www.europesays.com\/pt\/wp-json\/wp\/v2\/tags?post=74187"}],"curies":[{"name":"wp","href":"https:\/\/api.w.org\/{rel}","templated":true}]}}