{"id":74211,"date":"2025-09-16T19:28:07","date_gmt":"2025-09-16T19:28:07","guid":{"rendered":"https:\/\/www.europesays.com\/pt\/74211\/"},"modified":"2025-09-16T19:28:07","modified_gmt":"2025-09-16T19:28:07","slug":"revelado-o-valor-astronomico-que-o-man-united-tera-de-pagar-a-amorim-se-o-despedir","status":"publish","type":"post","link":"https:\/\/www.europesays.com\/pt\/74211\/","title":{"rendered":"Revelado o valor astron\u00f3mico que o Man. United ter\u00e1 de pagar a Amorim se o despedir"},"content":{"rendered":"<p>O <a class=\"autolink-enabled\" data-resource-id=\"102\" data-resource-type=\"team\" data-sport=\"football\" href=\"https:\/\/www.abola.pt\/futebol\/manchester-united-102\" rel=\"nofollow noopener\" target=\"_blank\">Manchester United<\/a> est\u00e1 a ter o pior arranque de campeonato dos \u00faltimos 33 anos e com a press\u00e3o a aumentar sobre a equipa para alcan\u00e7ar bons resultados, a poss\u00edvel sa\u00edda de Ruben Amorim come\u00e7a a ser discutida. No entanto, se quiser despedir o portugu\u00eas, o United ter\u00e1 de pagar um elevado valor para rescindir o contrato.<\/p>\n<p>Foi a 1 de novembro do ano passado que foi oficializada a contrata\u00e7\u00e3o de Ruben Amorim por parte do Manchester United. Ao sair do <a target=\"_blank\" class=\"editor-link autolink-enabled\" href=\"https:\/\/www.abola.pt\/futebol\/sporting-448\" data-resource-id=\"448\" data-resource-type=\"team\" data-sport=\"football\" rel=\"nofollow noopener\">Sporting<\/a>, Amorim vinculou-se aos red devils at\u00e9 2027, com mais um ano de op\u00e7\u00e3o.<\/p>\n<p>Assim, segundo o Daily Mail, se o United despedir Amorim antes do primeiro dia de novembro deste ano, ter\u00e1 de pagar 12 milh\u00f5es de libras (13,8 milh\u00f5es de euros \u00e0 taxa de c\u00e2mbio atual) ao treinador.<\/p>\n<p>Esse ser\u00e1 o valor contratualizado, ainda que Amorim j\u00e1 tenha admitido a possibilidade de sair do clube sem qualquer indemniza\u00e7\u00e3o. \u00abNeste momento pe\u00e7o f\u00e9, mas estou sempre aberto. Se a dire\u00e7\u00e3o e os f\u00e3s acharem que n\u00e3o sou o homem certo, saio no dia seguinte sem qualquer conversa sobre compensa\u00e7\u00e3o. Mas n\u00e3o vou desistir\u00bb, disse no \u00faltimo m\u00eas de maio.<\/p>\n<p>Se a cessa\u00e7\u00e3o de contrato ocorrer mesmo, Ruben Amorim ser\u00e1 o sexto treinador a ser despedido pelo Manchester United desde a reforma de Sir Alex Ferguson, em 2013, depois de David Moyes, Louis van Gaal, Jos\u00e9 Mourinho, Ole Gunnar Solskjaer e Erik ten Hag.<\/p>\n","protected":false},"excerpt":{"rendered":"O Manchester United est\u00e1 a ter o pior arranque de campeonato dos \u00faltimos 33 anos e com a&hellip;\n","protected":false},"author":2,"featured_media":74212,"comment_status":"","ping_status":"","sticky":false,"template":"","format":"standard","meta":{"footnotes":""},"categories":[8],"tags":[27,28,15,16,14,25,26,21,22,12,13,19,20,32,23,24,33,17,18,29,30,31],"class_list":{"0":"post-74211","1":"post","2":"type-post","3":"status-publish","4":"format-standard","5":"has-post-thumbnail","7":"category-principais-noticias","8":"tag-breaking-news","9":"tag-breakingnews","10":"tag-featured-news","11":"tag-featurednews","12":"tag-headlines","13":"tag-latest-news","14":"tag-latestnews","15":"tag-main-news","16":"tag-mainnews","17":"tag-news","18":"tag-noticias","19":"tag-noticias-principais","20":"tag-noticiasprincipais","21":"tag-portugal","22":"tag-principais-noticias","23":"tag-principaisnoticias","24":"tag-pt","25":"tag-top-stories","26":"tag-topstories","27":"tag-ultimas","28":"tag-ultimas-noticias","29":"tag-ultimasnoticias"},"share_on_mastodon":{"url":"","error":""},"_links":{"self":[{"href":"https:\/\/www.europesays.com\/pt\/wp-json\/wp\/v2\/posts\/74211","targetHints":{"allow":["GET"]}}],"collection":[{"href":"https:\/\/www.europesays.com\/pt\/wp-json\/wp\/v2\/posts"}],"about":[{"href":"https:\/\/www.europesays.com\/pt\/wp-json\/wp\/v2\/types\/post"}],"author":[{"embeddable":true,"href":"https:\/\/www.europesays.com\/pt\/wp-json\/wp\/v2\/users\/2"}],"replies":[{"embeddable":true,"href":"https:\/\/www.europesays.com\/pt\/wp-json\/wp\/v2\/comments?post=74211"}],"version-history":[{"count":0,"href":"https:\/\/www.europesays.com\/pt\/wp-json\/wp\/v2\/posts\/74211\/revisions"}],"wp:featuredmedia":[{"embeddable":true,"href":"https:\/\/www.europesays.com\/pt\/wp-json\/wp\/v2\/media\/74212"}],"wp:attachment":[{"href":"https:\/\/www.europesays.com\/pt\/wp-json\/wp\/v2\/media?parent=74211"}],"wp:term":[{"taxonomy":"category","embeddable":true,"href":"https:\/\/www.europesays.com\/pt\/wp-json\/wp\/v2\/categories?post=74211"},{"taxonomy":"post_tag","embeddable":true,"href":"https:\/\/www.europesays.com\/pt\/wp-json\/wp\/v2\/tags?post=74211"}],"curies":[{"name":"wp","href":"https:\/\/api.w.org\/{rel}","templated":true}]}}