{"id":74298,"date":"2025-09-16T20:30:07","date_gmt":"2025-09-16T20:30:07","guid":{"rendered":"https:\/\/www.europesays.com\/pt\/74298\/"},"modified":"2025-09-16T20:30:07","modified_gmt":"2025-09-16T20:30:07","slug":"russia-apresenta-concurso-musical-intervision-uma-versao-russa-da-eurovisao","status":"publish","type":"post","link":"https:\/\/www.europesays.com\/pt\/74298\/","title":{"rendered":"R\u00fassia apresenta concurso musical \u201cIntervision\u201d uma vers\u00e3o russa da Eurovis\u00e3o"},"content":{"rendered":"<p><strong>Acompanhe toda a atualidade informativa em\u00a0<a href=\"https:\/\/24noticias.sapo.pt\/\" target=\"_blank\" rel=\"noreferrer noopener nofollow\">24noticias.sapo.pt<\/a><\/strong><\/p>\n<p>Em confer\u00eancia de imprensa, Lavrov sublinhou que o evento contar\u00e1 com a participa\u00e7\u00e3o de 23 pa\u00edses, incluindo a R\u00fassia, representando praticamente todos os continentes, com exce\u00e7\u00e3o da Oce\u00e2nia. \u201cOs australianos est\u00e3o concentrados nos seus pr\u00f3prios assuntos\u201d, ironizou o governante, acrescentando que j\u00e1 h\u00e1 Estados interessados em acolher futuras edi\u00e7\u00f5es.<\/p>\n<p>Questionado sobre o n\u00famero de participantes, o ministro defendeu que \u201ca qualidade \u00e9 mais importante do que a quantidade\u201d. \u201cO essencial \u00e9 que tragam consigo a sua cultura, a sua forma de vida e tradi\u00e7\u00f5es espirituais\u201d, afirmou.<\/p>\n<p>Lavrov revelou ainda que alguns dos concorrentes v\u00eam de pa\u00edses considerados \u201chostis\u201d a Moscovo, onde os governos chegaram a tentar impedir a presen\u00e7a dos artistas. \u201cN\u00e3o vamos nomear esses pa\u00edses para n\u00e3o criar dificuldades. Quem quiser vir ser\u00e1 sempre bem-vindo\u201d, disse.<\/p>\n<p>Sobre a possibilidade de o concurso ser visto como um instrumento de \u201csoft power\u201d, o chefe da diplomacia russa rejeitou a leitura pol\u00edtica: \u201cN\u00e3o estamos \u00e0 procura de qualquer efeito pol\u00edtico. O que queremos \u00e9 que a identidade e o prop\u00f3sito original de cada pessoa sejam respeitados e possam ser partilhados livremente com os outros\u201d.<\/p>\n<p>Lavrov confirmou tamb\u00e9m a participa\u00e7\u00e3o de um representante dos Estados Unidos, destacando que a administra\u00e7\u00e3o norte-americana tratou o assunto como uma quest\u00e3o \u201cestritamente privada\u201d, sem enviar delega\u00e7\u00e3o oficial nem jurados para a competi\u00e7\u00e3o.<\/p>\n<p>Este modelo de concurso sovi\u00e9tico foi lan\u00e7ado inicialmente\u00a0na Tchecoslov\u00e1quia da d\u00e9cada de 1960. Era realizado pela Organiza\u00e7\u00e3o Internacional de R\u00e1dio e Televis\u00e3o (OIRT) entre 1965 e 1980, transmitido ao vivo para emissoras nacionais pela rede Intervision. O concurso ocorreu em v\u00e1rios locais da Tchecoslov\u00e1quia e na \u00d3pera Florestal em Sopot, Pol\u00f3nia. Foi o equivalente do Bloco de Leste ao Festival Eurovis\u00e3o da Can\u00e7\u00e3o.<\/p>\n<p>Em 2008, um concurso n\u00e3o relacionado com o mesmo nome ocorreu, como uma tentativa de restabelecer o concurso, embora as edi\u00e7\u00f5es subsequentes planeadas em 2014 e 2015 acontecido. Depois das emissoras russas se retiraram da Uni\u00e3o Europeia de Radiodifus\u00e3o ao serem exclu\u00eddas do Festival Eurovis\u00e3o da Can\u00e7\u00e3o 2022, outro renascimento foi anunciado pelo Minist\u00e9rio da Cultura da R\u00fassia em 2023, com o presidente russo Vladimir Putin a assinar um decreto para que fosse realizado em Moscovo no final de 2025.<\/p>\n<p>O concurso vai acontecer no dia 20 de setembro, garante o <a href=\"https:\/\/intervision.world\/en\/\" target=\"_blank\" rel=\"noreferrer noopener nofollow\">site oficial<\/a>.<\/p>\n<p>__<\/p>\n<p><b>A sua newsletter de sempre, agora ainda mais \u00fatil<\/b><\/p>\n<p>Com o lan\u00e7amento da nova marca de informa\u00e7\u00e3o\u00a0<b>24not\u00edcias<\/b>, estamos a mudar a plataforma de newsletters, aproveitando para refor\u00e7ar a informa\u00e7\u00e3o que os leitores mais valorizam:\u00a0<b>a que lhes \u00e9 \u00fatil, ajuda a tomar decis\u00f5es e a entender o mundo.<\/b><\/p>\n<p><b>Assine a nova newsletter do 24not\u00edcias\u00a0<\/b><a href=\"https:\/\/sapo.us1.list-manage.com\/subscribe?u=8f49263740b14ab5854be8045&amp;id=57a39c5e8f\" rel=\"nofollow noopener\" target=\"_blank\"><b>aqui<\/b><\/a><b>.<\/b><\/p>\n","protected":false},"excerpt":{"rendered":"Acompanhe toda a atualidade informativa em\u00a024noticias.sapo.pt Em confer\u00eancia de imprensa, Lavrov sublinhou que o evento contar\u00e1 com a&hellip;\n","protected":false},"author":2,"featured_media":74299,"comment_status":"","ping_status":"","sticky":false,"template":"","format":"standard","meta":{"footnotes":""},"categories":[142],"tags":[114,115,32,33,151],"class_list":{"0":"post-74298","1":"post","2":"type-post","3":"status-publish","4":"format-standard","5":"has-post-thumbnail","7":"category-tv","8":"tag-entertainment","9":"tag-entretenimento","10":"tag-portugal","11":"tag-pt","12":"tag-tv"},"share_on_mastodon":{"url":"","error":""},"_links":{"self":[{"href":"https:\/\/www.europesays.com\/pt\/wp-json\/wp\/v2\/posts\/74298","targetHints":{"allow":["GET"]}}],"collection":[{"href":"https:\/\/www.europesays.com\/pt\/wp-json\/wp\/v2\/posts"}],"about":[{"href":"https:\/\/www.europesays.com\/pt\/wp-json\/wp\/v2\/types\/post"}],"author":[{"embeddable":true,"href":"https:\/\/www.europesays.com\/pt\/wp-json\/wp\/v2\/users\/2"}],"replies":[{"embeddable":true,"href":"https:\/\/www.europesays.com\/pt\/wp-json\/wp\/v2\/comments?post=74298"}],"version-history":[{"count":0,"href":"https:\/\/www.europesays.com\/pt\/wp-json\/wp\/v2\/posts\/74298\/revisions"}],"wp:featuredmedia":[{"embeddable":true,"href":"https:\/\/www.europesays.com\/pt\/wp-json\/wp\/v2\/media\/74299"}],"wp:attachment":[{"href":"https:\/\/www.europesays.com\/pt\/wp-json\/wp\/v2\/media?parent=74298"}],"wp:term":[{"taxonomy":"category","embeddable":true,"href":"https:\/\/www.europesays.com\/pt\/wp-json\/wp\/v2\/categories?post=74298"},{"taxonomy":"post_tag","embeddable":true,"href":"https:\/\/www.europesays.com\/pt\/wp-json\/wp\/v2\/tags?post=74298"}],"curies":[{"name":"wp","href":"https:\/\/api.w.org\/{rel}","templated":true}]}}