{"id":743,"date":"2025-07-25T12:11:15","date_gmt":"2025-07-25T12:11:15","guid":{"rendered":"https:\/\/www.europesays.com\/pt\/743\/"},"modified":"2025-07-25T12:11:15","modified_gmt":"2025-07-25T12:11:15","slug":"estamos-vivendo-um-renascimento-diz-refik-anadol-sobre-arte-feita-em-colaboracao-com-ia","status":"publish","type":"post","link":"https:\/\/www.europesays.com\/pt\/743\/","title":{"rendered":"&#8216;Estamos vivendo um renascimento&#8217;, diz Refik Anadol sobre arte feita em colabora\u00e7\u00e3o com IA"},"content":{"rendered":"\n<p class=\" content-text__container theme-color-primary-first-letter\" data-track-category=\"Link no Texto\" data-track-links=\"\"> Refik Anadol, artista de m\u00eddia turco, de 40 anos, explica seu trabalho como o de um \u201cpiloto de nave espacial\u201d. Pois \u00e9 ele quem est\u00e1 na cadeira de comando \u2014 e d\u00e1 at\u00e9 para imaginar o painel cheio de bot\u00f5es \u2014 para criar comentadas instala\u00e7\u00f5es art\u00edsticas que levam a intelig\u00eancia artificial (IA) em sua composi\u00e7\u00e3o. Para isso, coleta dados (\u201ccom permiss\u00e3o\u201d, diz) e determina padr\u00f5es para que algoritmos possam processar e responder ao material. Como resultado da cria\u00e7\u00e3o de homem e m\u00e1quina brotam exibi\u00e7\u00f5es abstratas em cores vibrantes que derretem aos olhos e pululam de um canto a outro. <\/p>\n<p class=\" content-text__container \" data-track-category=\"Link no Texto\" data-track-links=\"\"> Refik comanda um est\u00fadio que leva seu nome e tem profissionais de dez nacionalidades, incluindo brasileiros. Entre seus feitos, tem um trabalho no acervo do MoMa, em Nova York e uma releitura do gol favorito de Lionel Messi, marcado na final da Champions League, de 2009. No trabalho, marcadores de gestos e express\u00f5es faciais coletaram dados para transformar a cena em uma experi\u00eancia audiovisual abstrata. \u201cTenho uma grande obsess\u00e3o por aquelas pequenas mol\u00e9culas em movimento\u201d, diz. Em entrevista ao GLOBO, Refik fala sobre propriedade intelectual, o novo museu que vai fundar e por que enxerga a IA como uma \u201cfor\u00e7a\u201d. <\/p>\n<p>      <img decoding=\"async\" class=\"content-media__image\"  src=\"https:\/\/www.europesays.com\/pt\/wp-content\/uploads\/2025\/07\/unsupervised-documentation-1.jpg\" alt=\"Obra 'Unsupervised', no MoMA:  marco da carreira do artista \u2014 Foto: Refik Anadol Studios\" width=\"8192\" height=\"4320\" loading=\"lazy\"\/>  Obra &#8216;Unsupervised&#8217;, no MoMA: marco da carreira do artista \u2014 Foto: Refik Anadol Studios       <\/p>\n<p class=\" content-text__container \" data-track-category=\"Link no Texto\" data-track-links=\"\"> <strong>Qual \u00e9 a parte humana do seu trabalho?<br \/><\/strong>Eu, como humano, sou a parte humana (risos). Era muito novo quando ganhei meu primeiro computador. E a sensa\u00e7\u00e3o de que ele poderia trabalhar, imaginar com ele, come\u00e7ou muito cedo tamb\u00e9m. H\u00e1 dez anos passei a ser o primeiro a integrar o programa AMI (Artists + Machine Intelligence), o que me permitiu come\u00e7ar a trabalhar com IA. E, claro, dez anos para IA se parecem com cem anos. Nunca senti que fosse um trabalho pregui\u00e7oso. A IA, pra mim, parece uma extens\u00e3o do meu c\u00e9rebro. Sinto como se fosse a minha m\u00e3o que est\u00e1 me permitindo segurar o pincel, ou minha mente, ampliando a imagina\u00e7\u00e3o. <\/p>\n<p class=\" content-text__container \" data-track-category=\"Link no Texto\" data-track-links=\"\"> <strong>Onde est\u00e1 seu gosto pessoal?<br \/><\/strong>Est\u00e1 em todo lugar. Tudo \u00e9 iniciado com dados, que s\u00e3o os pontos fundamentais. Pode ser um dado meteorol\u00f3gico, como os padr\u00f5es do vento. Depois disso, n\u00f3s treinamos o modelo de IA, \u00e9 um processo. Nesse passo, h\u00e1 muitas decis\u00f5es estrat\u00e9gicas a serem tomadas, as cores, formas, a velocidade. Estou sempre procurando esses padr\u00f5es, essa est\u00e9tica. N\u00e3o \u00e9 s\u00f3 m\u00e1quina. S\u00e3o 50% m\u00e1quina, 50% humano, uma colabora\u00e7\u00e3o verdadeira. <\/p>\n<p class=\" content-text__container \" data-track-category=\"Link no Texto\" data-track-links=\"\"> <strong>Como \u00e9 poss\u00edvel coletar dados, usar IA, e n\u00e3o ultrapassar a propriedade intelectual de outras pessoas que tenham material on-line?<br \/><\/strong>Permiss\u00e3o. N\u00e3o mexo em nenhum dado para o qual eu n\u00e3o tenha permiss\u00e3o. Essa \u00e9 a nossa heran\u00e7a. A gente sempre pergunta (por autoriza\u00e7\u00e3o de uso), mas geralmente as pessoas \u00e9 que v\u00eam at\u00e9 n\u00f3s com os dados. No nosso museu de IA, o Dataland, estamos trabalhando com um grande modelo voltado \u00e0 natureza, para o qual coletamos meio bilh\u00e3o de imagens. Fomos em cada institui\u00e7\u00e3o, museu, biblioteca, pedindo permiss\u00e3o antes de come\u00e7ar a trabalhar com o material. Espero que todos que trabalham com IA tenham esse compromisso \u00e9tico. Queremos ser esse exemplo. <\/p>\n<p>      <img decoding=\"async\" class=\"content-media__image\"  src=\"https:\/\/www.europesays.com\/pt\/wp-content\/uploads\/2025\/07\/living-architecture-8k-009.jpg\" alt=\"Exibi\u00e7\u00e3o no museu Guggenheim Bilbao, em homenagem ao arquiteto Frank Gehry \u2014 Foto: Refik Anadol Studios\" width=\"7680\" height=\"4320\" loading=\"lazy\"\/>  Exibi\u00e7\u00e3o no museu Guggenheim Bilbao, em homenagem ao arquiteto Frank Gehry \u2014 Foto: Refik Anadol Studios       <\/p>\n<p class=\" content-text__container \" data-track-category=\"Link no Texto\" data-track-links=\"\"> <strong>N\u00e3o tem receio que outra pessoa que fa\u00e7a arte com as mesmas ferramentas digitais passe a copiar voc\u00ea?<br \/><\/strong>O que me protege \u00e9 que nossos dados s\u00e3o \u00fanicos e n\u00f3s treinamos os nossos pr\u00f3prios modelos. Isso torna o nosso trabalho \u00fanico. Mas tenho muitos imitadores. As pessoas me perguntam: \u201cvoc\u00ea n\u00e3o tem medo de a IA copiar seu trabalho?\u201d. E eu respondo: pessoas j\u00e1 est\u00e3o copiando (risos). Fomos os primeiros a desenvolver essas ideias, esse conceito. Inspirei muitos estudantes. Acho que a inspira\u00e7\u00e3o \u00e9 importante. Mas o mais importante de tudo \u00e9 o reconhecimento, dar os cr\u00e9ditos. A boa not\u00edcia \u00e9 que a IA sabe muito bem quem come\u00e7ou o que e quando. <\/p>\n<p class=\" content-text__container \" data-track-category=\"Link no Texto\" data-track-links=\"\"> <strong>E a possibilidade de um algoritmo te imitar?<br \/><\/strong>Tento n\u00e3o pensar como um algoritmo, deixar a mente vagar, mudar e sempre surgir com novas ideias. De novo, cada dado \u00e9 \u00fanico. Trabalhamos com florestas tropicais, flores, nuvens, o oceano, corais, paisagens, geleiras. Temos todos esses conjuntos de dados diferentes que n\u00e3o seguem uma \u00fanica t\u00e9cnica. Eu sou obcecado pela natureza e ela sempre oferece algo novo. Nos \u00faltimos dez anos, nunca senti t\u00e9dio. <\/p>\n<p class=\" content-text__container \" data-track-category=\"Link no Texto\" data-track-links=\"\"> <strong>H\u00e1 especialistas que dizem que a IA nos far\u00e1 criar e pensar menos. Acredita que a ferramenta pode nos ajudar a ser mais criativos?<br \/><\/strong>N\u00e3o acho que a IA ser\u00e1 apenas uma ferramenta criativa, ela \u00e9 mais. IA \u00e9 extremamente poderosa. Eu a chamo de for\u00e7a, que pode assumir qualquer forma ou estrutura. Uma for\u00e7a que, se voc\u00ea trouxer o mal, ela se torna m\u00e1. Se trouxer o bem, ela se torna boa. Se trouxer uma mentalidade criativa, ela se torna uma for\u00e7a criativa. Se sou um artista com dificuldades de criar, ela pode ajudar, mas \u00e9 importante lembrar que a mesma IA provavelmente vai dar a mesma resposta para outra pessoa. Vejo que as pessoas podem se confundir achando que a IA est\u00e1 trabalhando apenas para elas. Na verdade, n\u00e3o est\u00e1. <\/p>\n<p class=\" content-text__container \" data-track-category=\"Link no Texto\" data-track-links=\"\"> <strong>Estamos entrando em uma nova era para a arte? Como podemos cham\u00e1-la?<br \/><\/strong>Mesmo para o nosso museu estou chamando de \u201carte com IA\u201d. Artes que usam IA. Porque precisamos ser muito claros. N\u00e3o acho que chamar apenas de arte digital seja suficiente. N\u00f3s estamos usando uma intelig\u00eancia no nosso trabalho, uma intelig\u00eancia que \u00e9 artificial. Sinto que precisamos definir esta era, o momento em que a IA surge e se torna uma forma de arte. Estamos vivendo um renascimento, e literalmente testemunhando momentos muito \u00fanicos para a humanidade. <\/p>\n<p class=\" content-text__container \" data-track-category=\"Link no Texto\" data-track-links=\"\"> <strong>Acha que a vis\u00e3o do seu trabalho \u00e9 impactada de alguma forma por voc\u00ea ser um imigrante?<br \/><\/strong>Acredito que isso \u00e9 muito verdadeiro porque, antes de tudo, sou turco e amo minha cultura, minha hist\u00f3ria. Quando me mudei para Los Angeles, h\u00e1 quase 12 anos, a sensa\u00e7\u00e3o n\u00e3o era de estar me afastando da minha cultura. Era mais sobre descobrir o mundo. Assim que comecei a viajar para outros pa\u00edses, passei a amar essa experi\u00eancia de ir, encontrar novas culturas e sensa\u00e7\u00f5es. Claro, respeito as fronteiras, os passaportes, mas acho que tudo isso \u00e9 uma hist\u00f3ria muito antiga. Essas fronteiras, essas separa\u00e7\u00f5es e tudo isso que criamos&#8230; Eu entendo, mas sinto que vejo o mundo todo como um s\u00f3. <\/p>\n<p class=\" content-text__container \" data-track-category=\"Link no Texto\" data-track-links=\"\"> <strong>Como ser\u00e1 o Dataland, o museu que anunciou que vai construir na Calif\u00f3rnia?<br \/><\/strong>\u00c9 muito dif\u00edcil criar um museu de um novo meio que est\u00e1 apenas come\u00e7ando (o museu n\u00e3o tem data de inaugura\u00e7\u00e3o) N\u00e3o \u00e9 pintura, n\u00e3o \u00e9 escultura, \u00e9 um meio vivo. O desafio para mim \u00e9: como podemos abrir um museu de IA que seja um grande exemplo para a humanidade? Porque sabemos que os modelos de IA hoje est\u00e3o muito focados no racioc\u00ednio humano, em assistentes pessoais. Pensei que, se f\u00f4ssemos abrir um museu de IA, ter\u00edamos que fazer a escolha certa: criar nosso pr\u00f3prio modelo, nosso pr\u00f3prio sistema, para garantir que o museu esteja usando dados \u00e9ticos, uma IA sustent\u00e1vel. <\/p>\n","protected":false},"excerpt":{"rendered":"Refik Anadol, artista de m\u00eddia turco, de 40 anos, explica seu trabalho como o de um \u201cpiloto de&hellip;\n","protected":false},"author":2,"featured_media":744,"comment_status":"","ping_status":"","sticky":false,"template":"","format":"standard","meta":{"footnotes":""},"categories":[144],"tags":[207,205,206,203,201,202,204,114,115,32,33,679],"class_list":{"0":"post-743","1":"post","2":"type-post","3":"status-publish","4":"format-standard","5":"has-post-thumbnail","7":"category-arte-e-design","8":"tag-arte","9":"tag-arte-e-design","10":"tag-artedesign","11":"tag-arts","12":"tag-arts-and-design","13":"tag-artsanddesign","14":"tag-design","15":"tag-entertainment","16":"tag-entretenimento","17":"tag-portugal","18":"tag-pt","19":"tag-reportagem"},"share_on_mastodon":{"url":"","error":""},"_links":{"self":[{"href":"https:\/\/www.europesays.com\/pt\/wp-json\/wp\/v2\/posts\/743","targetHints":{"allow":["GET"]}}],"collection":[{"href":"https:\/\/www.europesays.com\/pt\/wp-json\/wp\/v2\/posts"}],"about":[{"href":"https:\/\/www.europesays.com\/pt\/wp-json\/wp\/v2\/types\/post"}],"author":[{"embeddable":true,"href":"https:\/\/www.europesays.com\/pt\/wp-json\/wp\/v2\/users\/2"}],"replies":[{"embeddable":true,"href":"https:\/\/www.europesays.com\/pt\/wp-json\/wp\/v2\/comments?post=743"}],"version-history":[{"count":0,"href":"https:\/\/www.europesays.com\/pt\/wp-json\/wp\/v2\/posts\/743\/revisions"}],"wp:featuredmedia":[{"embeddable":true,"href":"https:\/\/www.europesays.com\/pt\/wp-json\/wp\/v2\/media\/744"}],"wp:attachment":[{"href":"https:\/\/www.europesays.com\/pt\/wp-json\/wp\/v2\/media?parent=743"}],"wp:term":[{"taxonomy":"category","embeddable":true,"href":"https:\/\/www.europesays.com\/pt\/wp-json\/wp\/v2\/categories?post=743"},{"taxonomy":"post_tag","embeddable":true,"href":"https:\/\/www.europesays.com\/pt\/wp-json\/wp\/v2\/tags?post=743"}],"curies":[{"name":"wp","href":"https:\/\/api.w.org\/{rel}","templated":true}]}}