{"id":74300,"date":"2025-09-16T20:31:06","date_gmt":"2025-09-16T20:31:06","guid":{"rendered":"https:\/\/www.europesays.com\/pt\/74300\/"},"modified":"2025-09-16T20:31:06","modified_gmt":"2025-09-16T20:31:06","slug":"pedro-ribeiro-e-miguel-cruz-estreiam-novo-podcast-sobre-as-suas-vidas-na-radio","status":"publish","type":"post","link":"https:\/\/www.europesays.com\/pt\/74300\/","title":{"rendered":"Pedro Ribeiro e Miguel Cruz estreiam novo podcast sobre as suas vidas na r\u00e1dio"},"content":{"rendered":"<p>\u201cA Bolha da R\u00e1dio&#8221; \u00e9 o novo podcast da Bauer Media Audio Portugal e junta Pedro Ribeiro, diretor da R\u00e1dio Comercial, e Miguel Cruz , diretor da m80 r\u00e1dio, numa viagem pelas suas vidas na r\u00e1dio.<\/p>\n<p>Ao longo de 12 epis\u00f3dios, lan\u00e7ados todas as ter\u00e7as-feiras, &#8220;mestre e aprendiz partilham hist\u00f3rias, m\u00fasicas, t\u00e9cnicas, improvisos e revolu\u00e7\u00f5es que marcaram tr\u00eas d\u00e9cadas de r\u00e1dio em Portugal: do vinil ao digital, da r\u00e1dio de autor \u00e0 playlist, sempre unidos pela mesma paix\u00e3o&#8221;.\u00a0<\/p>\n<p>Pedro Ribeiro \u00e9 diretor da R\u00e1dio Comercial desde 2005 e\u00a0Miguel Cruz, diretor da m80 r\u00e1dio, come\u00e7ou como locutor e rapidamente se destacou como formador e programador de r\u00e1dio.<\/p>\n<p>&#8220;O percurso de ambos cruza-se h\u00e1 mais de 30 anos: nos anos 90, Miguel Cruz foi professor de Pedro Ribeiro e, desde ent\u00e3o, ningu\u00e9m conseguiu separar o que a r\u00e1dio uniu. Juntos, caminharam pelos mesmos corredores e viveram de perto momentos que marcam a hist\u00f3ria da r\u00e1dio em Portugal. \u00c9 esse patrim\u00f3nio, feito de mem\u00f3rias e cumplicidade, que agora partilham com todos aqueles que vivem nesta &#8216;bolha&#8217; da r\u00e1dio&#8221;, destaca o comunicado.<\/p>\n<p>No primeiro epis\u00f3dio, que se estreou esta ter\u00e7a-feira, 16 de setembro, Miguel Cruz e Pedro Ribeiro trocam m\u00fasicas, regressam ao passado e debatem o futuro.<\/p>\n<p>\u00a0<\/p>\n","protected":false},"excerpt":{"rendered":"\u201cA Bolha da R\u00e1dio&#8221; \u00e9 o novo podcast da Bauer Media Audio Portugal e junta Pedro Ribeiro, diretor&hellip;\n","protected":false},"author":2,"featured_media":74301,"comment_status":"","ping_status":"","sticky":false,"template":"","format":"standard","meta":{"footnotes":""},"categories":[141],"tags":[114,115,149,150,32,33],"class_list":{"0":"post-74300","1":"post","2":"type-post","3":"status-publish","4":"format-standard","5":"has-post-thumbnail","7":"category-musica","8":"tag-entertainment","9":"tag-entretenimento","10":"tag-music","11":"tag-musica","12":"tag-portugal","13":"tag-pt"},"share_on_mastodon":{"url":"","error":""},"_links":{"self":[{"href":"https:\/\/www.europesays.com\/pt\/wp-json\/wp\/v2\/posts\/74300","targetHints":{"allow":["GET"]}}],"collection":[{"href":"https:\/\/www.europesays.com\/pt\/wp-json\/wp\/v2\/posts"}],"about":[{"href":"https:\/\/www.europesays.com\/pt\/wp-json\/wp\/v2\/types\/post"}],"author":[{"embeddable":true,"href":"https:\/\/www.europesays.com\/pt\/wp-json\/wp\/v2\/users\/2"}],"replies":[{"embeddable":true,"href":"https:\/\/www.europesays.com\/pt\/wp-json\/wp\/v2\/comments?post=74300"}],"version-history":[{"count":0,"href":"https:\/\/www.europesays.com\/pt\/wp-json\/wp\/v2\/posts\/74300\/revisions"}],"wp:featuredmedia":[{"embeddable":true,"href":"https:\/\/www.europesays.com\/pt\/wp-json\/wp\/v2\/media\/74301"}],"wp:attachment":[{"href":"https:\/\/www.europesays.com\/pt\/wp-json\/wp\/v2\/media?parent=74300"}],"wp:term":[{"taxonomy":"category","embeddable":true,"href":"https:\/\/www.europesays.com\/pt\/wp-json\/wp\/v2\/categories?post=74300"},{"taxonomy":"post_tag","embeddable":true,"href":"https:\/\/www.europesays.com\/pt\/wp-json\/wp\/v2\/tags?post=74300"}],"curies":[{"name":"wp","href":"https:\/\/api.w.org\/{rel}","templated":true}]}}