{"id":74312,"date":"2025-09-16T20:42:07","date_gmt":"2025-09-16T20:42:07","guid":{"rendered":"https:\/\/www.europesays.com\/pt\/74312\/"},"modified":"2025-09-16T20:42:07","modified_gmt":"2025-09-16T20:42:07","slug":"lucas-lima-e-mina-winkel-trocam-flertes-nas-redes-sociais","status":"publish","type":"post","link":"https:\/\/www.europesays.com\/pt\/74312\/","title":{"rendered":"Lucas Lima e Mina Winkel trocam flertes nas redes sociais"},"content":{"rendered":"<p class=\"bullet mt-0\" data-v-232111b4=\"\">Lucas Lima e Mina Winkel, modelo e ex-participante do De F\u00e9rias com o Ex, trocaram flertes nas redes sociais.<\/p>\n<p>O que aconteceu<\/p>\n<p class=\"bullet\" data-v-232111b4=\"\"><strong>Lucas Lima deixou coment\u00e1rio em v\u00eddeo publicado no perfil de Mina.<\/strong> &#8220;Enquanto eles te convidam pra festa, eu te convidaria pra isso&#8221;, escreveu Mina, em v\u00eddeo em que aparece tomando chimarr\u00e3o no campo. <\/p>\n<p class=\"bullet\" data-v-232111b4=\"\"><strong>&#8220;Nem uma schmier?&#8221;, perguntou Lucas Lima, mencionando uma geleia t\u00edpica do Rio Grande do Sul. <\/strong>Ambos s\u00e3o ga\u00fachos. Mina respondeu com um coment\u00e1rio &#8220;rom\u00e2ntico&#8221;. <\/p>\n","protected":false},"excerpt":{"rendered":"Lucas Lima e Mina Winkel, modelo e ex-participante do De F\u00e9rias com o Ex, trocaram flertes nas redes&hellip;\n","protected":false},"author":2,"featured_media":74313,"comment_status":"","ping_status":"","sticky":false,"template":"","format":"standard","meta":{"footnotes":""},"categories":[145],"tags":[211,210,114,115,32,33],"class_list":{"0":"post-74312","1":"post","2":"type-post","3":"status-publish","4":"format-standard","5":"has-post-thumbnail","7":"category-celebridades","8":"tag-celebridades","9":"tag-celebrities","10":"tag-entertainment","11":"tag-entretenimento","12":"tag-portugal","13":"tag-pt"},"share_on_mastodon":{"url":"","error":""},"_links":{"self":[{"href":"https:\/\/www.europesays.com\/pt\/wp-json\/wp\/v2\/posts\/74312","targetHints":{"allow":["GET"]}}],"collection":[{"href":"https:\/\/www.europesays.com\/pt\/wp-json\/wp\/v2\/posts"}],"about":[{"href":"https:\/\/www.europesays.com\/pt\/wp-json\/wp\/v2\/types\/post"}],"author":[{"embeddable":true,"href":"https:\/\/www.europesays.com\/pt\/wp-json\/wp\/v2\/users\/2"}],"replies":[{"embeddable":true,"href":"https:\/\/www.europesays.com\/pt\/wp-json\/wp\/v2\/comments?post=74312"}],"version-history":[{"count":0,"href":"https:\/\/www.europesays.com\/pt\/wp-json\/wp\/v2\/posts\/74312\/revisions"}],"wp:featuredmedia":[{"embeddable":true,"href":"https:\/\/www.europesays.com\/pt\/wp-json\/wp\/v2\/media\/74313"}],"wp:attachment":[{"href":"https:\/\/www.europesays.com\/pt\/wp-json\/wp\/v2\/media?parent=74312"}],"wp:term":[{"taxonomy":"category","embeddable":true,"href":"https:\/\/www.europesays.com\/pt\/wp-json\/wp\/v2\/categories?post=74312"},{"taxonomy":"post_tag","embeddable":true,"href":"https:\/\/www.europesays.com\/pt\/wp-json\/wp\/v2\/tags?post=74312"}],"curies":[{"name":"wp","href":"https:\/\/api.w.org\/{rel}","templated":true}]}}