{"id":74314,"date":"2025-09-16T20:45:08","date_gmt":"2025-09-16T20:45:08","guid":{"rendered":"https:\/\/www.europesays.com\/pt\/74314\/"},"modified":"2025-09-16T20:45:08","modified_gmt":"2025-09-16T20:45:08","slug":"eu-nao-estou-preocupada-com-o-que-o-pedro-jorge-anda-a-fazer-marisa-e-implacavel-com-o-marido-secret-story","status":"publish","type":"post","link":"https:\/\/www.europesays.com\/pt\/74314\/","title":{"rendered":"\u00abEu n\u00e3o estou preocupada com o que o Pedro Jorge anda a fazer\u00bb: Marisa \u00e9 implac\u00e1vel com o marido &#8211; Secret Story"},"content":{"rendered":"<p>No <a href=\"https:\/\/tvi.iol.pt\/secretstory\/\" rel=\"nofollow noopener\" target=\"_blank\">Secret Story &#8211; Casa dos Segredos 9<\/a>,\u00a0J\u00e1 de madrugada, Marisa Susana comenta que Pedro reagiu muito bem \u00e0 nomea\u00e7\u00e3o direta. Acrescenta que o mais dif\u00edcil no programa deve ser sair na primeira semana e na pen\u00faltima. Segundos depois, Marisa repete o mesmo coment\u00e1rio e Pedro pergunta se s\u00f3 chegou agora. Marisa contesta, dizendo que se Pedro tivesse a sua vida n\u00e3o respondia da forma como o fez. O concorrente abandona o quarto e Marisa continua a condenar o seu comportamento. No confession\u00e1rio, Pedro revela que reparou na conversa da Marisa com F\u00e1bio e Bruno Miguel, garantindo que os tem debaixo de olho.<\/p>\n<p>Nesta temporada, nada \u00e9 o que parece. Concorrentes fortes, ambiciosos e determinados entram numa casa em que cada gesto conta, cada palavra pesa e onde apenas os mais astutos conseguir\u00e3o manter o seu segredo at\u00e9 ao fim\u2026 e conquistar o pr\u00e9mio.<\/p>\n<p>Segredos inconfess\u00e1veis, provas intensas, reviravoltas inesperadas e emo\u00e7\u00f5es ao limite. No Secret Story, tudo muda num piscar de olhos. A nova era do reality show j\u00e1 come\u00e7ou\u2026 e nada ser\u00e1 como antes.<\/p>\n<p>VEJA TAMB\u00c9M:\u00a0<a href=\"https:\/\/tvi.iol.pt\/secretstory\/cristina-ferreira\/fabio-daniel\/apos-desistencia-cristina-ferreira-emociona-internet-com-palavras-sentidas-e-um-extraordinario-filho\" rel=\"nofollow noopener\" target=\"_blank\">Ap\u00f3s desist\u00eancia, Cristina Ferreira emociona Internet com palavras sentidas: \u00ab\u00c9 um extraordin\u00e1rio filho\u00bb &#8211; Secret Story &#8211; TVI<\/a><\/p>\n","protected":false},"excerpt":{"rendered":"No Secret Story &#8211; Casa dos Segredos 9,\u00a0J\u00e1 de madrugada, Marisa Susana comenta que Pedro reagiu muito bem&hellip;\n","protected":false},"author":2,"featured_media":74315,"comment_status":"","ping_status":"","sticky":false,"template":"","format":"standard","meta":{"footnotes":""},"categories":[142],"tags":[114,115,19033,19034,32,33,151,19032],"class_list":{"0":"post-74314","1":"post","2":"type-post","3":"status-publish","4":"format-standard","5":"has-post-thumbnail","7":"category-tv","8":"tag-entertainment","9":"tag-entretenimento","10":"tag-galas-em-video","11":"tag-melhores-momentos-casa-dos-segredos","12":"tag-portugal","13":"tag-pt","14":"tag-tv","15":"tag-videos-secret-story-tvi"},"share_on_mastodon":{"url":"","error":""},"_links":{"self":[{"href":"https:\/\/www.europesays.com\/pt\/wp-json\/wp\/v2\/posts\/74314","targetHints":{"allow":["GET"]}}],"collection":[{"href":"https:\/\/www.europesays.com\/pt\/wp-json\/wp\/v2\/posts"}],"about":[{"href":"https:\/\/www.europesays.com\/pt\/wp-json\/wp\/v2\/types\/post"}],"author":[{"embeddable":true,"href":"https:\/\/www.europesays.com\/pt\/wp-json\/wp\/v2\/users\/2"}],"replies":[{"embeddable":true,"href":"https:\/\/www.europesays.com\/pt\/wp-json\/wp\/v2\/comments?post=74314"}],"version-history":[{"count":0,"href":"https:\/\/www.europesays.com\/pt\/wp-json\/wp\/v2\/posts\/74314\/revisions"}],"wp:featuredmedia":[{"embeddable":true,"href":"https:\/\/www.europesays.com\/pt\/wp-json\/wp\/v2\/media\/74315"}],"wp:attachment":[{"href":"https:\/\/www.europesays.com\/pt\/wp-json\/wp\/v2\/media?parent=74314"}],"wp:term":[{"taxonomy":"category","embeddable":true,"href":"https:\/\/www.europesays.com\/pt\/wp-json\/wp\/v2\/categories?post=74314"},{"taxonomy":"post_tag","embeddable":true,"href":"https:\/\/www.europesays.com\/pt\/wp-json\/wp\/v2\/tags?post=74314"}],"curies":[{"name":"wp","href":"https:\/\/api.w.org\/{rel}","templated":true}]}}