{"id":74316,"date":"2025-09-16T20:46:29","date_gmt":"2025-09-16T20:46:29","guid":{"rendered":"https:\/\/www.europesays.com\/pt\/74316\/"},"modified":"2025-09-16T20:46:29","modified_gmt":"2025-09-16T20:46:29","slug":"felix-e-han-do-stray-kids-realizam-doacoes-generosas-em-comemoracao-aos-seus-aniversarios","status":"publish","type":"post","link":"https:\/\/www.europesays.com\/pt\/74316\/","title":{"rendered":"Felix e Han, do Stray Kids, realizam doa\u00e7\u00f5es generosas em comemora\u00e7\u00e3o aos seus anivers\u00e1rios"},"content":{"rendered":"<p>No \u00faltimo final de semana, os f\u00e3s do <a href=\"https:\/\/www.instagram.com\/realstraykids\/\" target=\"_blank\" rel=\"noopener nofollow\">Stray Kids<\/a> comemoraram os anivers\u00e1rios de <strong>Han<\/strong> e <strong>Felix<\/strong>, que completam mais um ano de vida em 14 e 15 de setembro, respectivamente. Os artistas, al\u00e9m de realizarem uma transmiss\u00e3o ao vivo para comemorar ao lado dos STAYs, tamb\u00e9m aproveitaram a oportunidade para fazer o bem ao pr\u00f3ximo.<\/p>\n<p>Isso porque, em raz\u00e3o de seus anivers\u00e1rios, os cantores realizaram doa\u00e7\u00f5es generosas para diferentes institui\u00e7\u00f5es de caridade \u2014 atitude que vem se tornando uma esp\u00e9cie de tradi\u00e7\u00e3o entre os integrantes do <a href=\"https:\/\/recreio.com.br\/tags\/boygroup\" target=\"_blank\" rel=\"noopener nofollow\">grupo<\/a>.<\/p>\n<p><strong>Han<\/strong>, por exemplo, doou 100 milh\u00f5es de wons (cerca de R$ 386 mil) para o Samsung Medical Center, onde, conforme repercutido pelo Soompi, metade do valor ser\u00e1 utilizado para cobrir custos de tratamento e enfermagem para adultos com doen\u00e7as graves, e a outra metade para cobrir os custos de tratamento de adolescentes e crian\u00e7as.<\/p>\n<p>Em declara\u00e7\u00e3o, <strong>Han<\/strong> disse que \u201cGostaria de agradecer aos meus f\u00e3s por me permitirem preencher meu anivers\u00e1rio com esta partilha significativa. Espero que meu apoio sincero chegue aos necessitados e lhes d\u00ea for\u00e7a e coragem.\u201d.<\/p>\n<p>J\u00e1 <strong>Felix<\/strong> doou 50 milh\u00f5es de wons (aproximadamente R$ 35 mil) para a <a href=\"https:\/\/www.unicef.org\/brazil\/\" target=\"_blank\" rel=\"noopener nofollow\">UNICEF<\/a>, 50 milh\u00f5es de wons para a World VisionWorld Vision, e mais 100 milh\u00f5es de wons tamb\u00e9m para o Hospital Samsung de Seul, totalizando uma doa\u00e7\u00e3o de 200 milh\u00f5es de wons (cerca de R$ 773 mil).<\/p>\n<p>De acordo com informa\u00e7\u00f5es do Soompi, o valor doado por <strong>Felix<\/strong> ser\u00e1 direcionado para programas de pens\u00e3o aliment\u00edcia da World Vision; projetos de nutri\u00e7\u00e3o e \u00e1gua, saneamento e higiene no <a href=\"https:\/\/pt.wikipedia.org\/wiki\/Laos\" target=\"_blank\" rel=\"noopener nofollow\">Laos<\/a> da UNICEF; al\u00e9m de ser utilizado para cobrir gastos de pacientes pedi\u00e1tricos e adolescentes no Hospital Samsung de Seul.<\/p>\n<p>Sobre o dinheiro doado em seu anivers\u00e1rio, o cantor disse: \u201cGra\u00e7as ao amor inabal\u00e1vel dos f\u00e3s que me apoiam, estou profundamente comovido e honrado por poder participar e compartilhar o futuro brilhante de crian\u00e7as na Coreia e no exterior. Espero sinceramente que todas as crian\u00e7as possam sonhar livremente.\u201d.<\/p>\n<p>        <a href=\"https:\/\/recreio.com.br\/noticias\/author\/daniela-bazi\" rel=\"nofollow noopener\" target=\"_blank\">&#13;<br \/>\n          <img loading=\"lazy\" alt=\"Daniela Bazi\" src=\"https:\/\/www.europesays.com\/pt\/wp-content\/uploads\/2025\/09\/1758055589_436_701cc86240953f42e068ecf8a0bb18dadb05bc88d7e776f8edb20aaea33b4eea\"  class=\"avatar avatar-115 photo rounded-circle mr-3\" height=\"115\" width=\"115\" decoding=\"async\"\/>        <\/a><\/p>\n<p>Daniela Bazi \u00e9 jornalista graduada pela UNINOVE, e bruxa formada na Escola de Magia e Bruxaria de Hogwarts. Amante de anima\u00e7\u00f5es, filmes e s\u00e9ries, tamb\u00e9m \u00e9 f\u00e3 de divas pop, entusiasta da Disney e k-popper nas horas vagas.<\/p>\n<p>\t                                            <script async src=\"\/\/www.instagram.com\/embed.js\"><\/script><\/p>\n","protected":false},"excerpt":{"rendered":"No \u00faltimo final de semana, os f\u00e3s do Stray Kids comemoraram os anivers\u00e1rios de Han e Felix, que&hellip;\n","protected":false},"author":2,"featured_media":74317,"comment_status":"","ping_status":"","sticky":false,"template":"","format":"standard","meta":{"footnotes":""},"categories":[141],"tags":[6763,114,115,2039,19535,1688,149,150,32,33,15054],"class_list":{"0":"post-74316","1":"post","2":"type-post","3":"status-publish","4":"format-standard","5":"has-post-thumbnail","7":"category-musica","8":"tag-boygroup","9":"tag-entertainment","10":"tag-entretenimento","11":"tag-felix","12":"tag-han","13":"tag-k-pop","14":"tag-music","15":"tag-musica","16":"tag-portugal","17":"tag-pt","18":"tag-stray-kids"},"share_on_mastodon":{"url":"","error":""},"_links":{"self":[{"href":"https:\/\/www.europesays.com\/pt\/wp-json\/wp\/v2\/posts\/74316","targetHints":{"allow":["GET"]}}],"collection":[{"href":"https:\/\/www.europesays.com\/pt\/wp-json\/wp\/v2\/posts"}],"about":[{"href":"https:\/\/www.europesays.com\/pt\/wp-json\/wp\/v2\/types\/post"}],"author":[{"embeddable":true,"href":"https:\/\/www.europesays.com\/pt\/wp-json\/wp\/v2\/users\/2"}],"replies":[{"embeddable":true,"href":"https:\/\/www.europesays.com\/pt\/wp-json\/wp\/v2\/comments?post=74316"}],"version-history":[{"count":0,"href":"https:\/\/www.europesays.com\/pt\/wp-json\/wp\/v2\/posts\/74316\/revisions"}],"wp:featuredmedia":[{"embeddable":true,"href":"https:\/\/www.europesays.com\/pt\/wp-json\/wp\/v2\/media\/74317"}],"wp:attachment":[{"href":"https:\/\/www.europesays.com\/pt\/wp-json\/wp\/v2\/media?parent=74316"}],"wp:term":[{"taxonomy":"category","embeddable":true,"href":"https:\/\/www.europesays.com\/pt\/wp-json\/wp\/v2\/categories?post=74316"},{"taxonomy":"post_tag","embeddable":true,"href":"https:\/\/www.europesays.com\/pt\/wp-json\/wp\/v2\/tags?post=74316"}],"curies":[{"name":"wp","href":"https:\/\/api.w.org\/{rel}","templated":true}]}}