{"id":74318,"date":"2025-09-16T20:47:08","date_gmt":"2025-09-16T20:47:08","guid":{"rendered":"https:\/\/www.europesays.com\/pt\/74318\/"},"modified":"2025-09-16T20:47:08","modified_gmt":"2025-09-16T20:47:08","slug":"superman-ganha-data-de-estreia-em-streaming-saiba-quando","status":"publish","type":"post","link":"https:\/\/www.europesays.com\/pt\/74318\/","title":{"rendered":"&#8220;Superman&#8221; ganha data de estreia em streaming; saiba quando"},"content":{"rendered":"<p class=\"my-5 break-words group-[.isActiveSource]:text-xl\">O filme <strong class=\"group-[.isActiveSource]:text-xl group-[.isActiveSource]:font-bold\">&#8220;Superman&#8221; ganhou uma data para chegar ao streaming<\/strong>. Dispon\u00edvel para compra e aluguel em algumas plataformas desde o fim de agosto, desta vez, o t\u00edtulo <strong class=\"group-[.isActiveSource]:text-xl group-[.isActiveSource]:font-bold\">chegar\u00e1 de forma gratuita no cat\u00e1logo da HBO Max.<\/strong><\/p>\n<p class=\"my-5 break-words group-[.isActiveSource]:text-xl\">O longa-metragem \u00e9 estrelado por <strong class=\"group-[.isActiveSource]:text-xl group-[.isActiveSource]:font-bold group-[.isActiveSource]:text-xl group-[.isActiveSource]:font-bold\">David Corenswet (Clark Kent) e Rachel Brosnahan (Lois Lane)<\/strong> e tem dire\u00e7\u00e3o de James Gunn. Inaugurando uma nova fase dos filmes da DC,\u00a0<a class=\"text-red-600 underline hover:text-red-500 font-medium break-words group-[.isActiveSource]:text-xl\" href=\"https:\/\/alphafm.com.br\/geral\/como-james-gunn-esta-redesenhando-o-futuro-da-dc-nos-cinemas\/?utm\\_source=CNN\\&amp;utm\\_medium=referral\\&amp;utm\\_campaign=mention](https:\/\/alphafm.com.br\/geral\/como-james-gunn-esta-redesenhando-o-futuro-da-dc-nos-cinemas\/?utm_source=CNN&amp;utm_medium=referral&amp;utm_campaign=mention)\" target=\"_blank\" rel=\"noopener noreferrer nofollow\">o longa-metragem<\/a>\u00a0conta a hist\u00f3ria de um Clark Kent mais jovem, rec\u00e9m-sa\u00eddo de Smallville. O filme \u00e9 descrito com \u201ca\u00e7\u00e3o \u00e9pica, humor e cora\u00e7\u00e3o\u201d, al\u00e9m ainda de &#8220;<a class=\"text-red-600 underline hover:text-red-500 font-medium break-words group-[.isActiveSource]:text-xl\" href=\"https:\/\/www.cnnbrasil.com.br\/entretenimento\/superman-james-gunn-mostra-bastidores-de-cena-de-voo\/\" target=\"_blank\" rel=\"noopener noreferrer nofollow\">um Super-Homem<\/a>&#8221; movido pela compaix\u00e3o e por uma cren\u00e7a inerente na bondade da humanidade.<\/p>\n<p class=\"my-5 break-words group-[.isActiveSource]:text-xl\">O elenco ainda \u00e9 composto por <strong class=\"group-[.isActiveSource]:text-xl group-[.isActiveSource]:font-bold group-[.isActiveSource]:text-xl group-[.isActiveSource]:font-bold group-[.isActiveSource]:text-xl group-[.isActiveSource]:font-bold group-[.isActiveSource]:text-xl group-[.isActiveSource]:font-bold\">Nicholas Hoult<\/strong>\u00a0(\u201cX-Men\u201d) como Lex Luthor,\u00a0<strong class=\"group-[.isActiveSource]:text-xl group-[.isActiveSource]:font-bold group-[.isActiveSource]:text-xl group-[.isActiveSource]:font-bold group-[.isActiveSource]:text-xl group-[.isActiveSource]:font-bold group-[.isActiveSource]:text-xl group-[.isActiveSource]:font-bold\">Edi Gathegi<\/strong>\u00a0(\u201cFor All Mankind\u201d);\u00a0<strong class=\"group-[.isActiveSource]:text-xl group-[.isActiveSource]:font-bold group-[.isActiveSource]:text-xl group-[.isActiveSource]:font-bold group-[.isActiveSource]:text-xl group-[.isActiveSource]:font-bold group-[.isActiveSource]:text-xl group-[.isActiveSource]:font-bold\">Anthony Carrigan<\/strong>\u00a0(\u201cBarry\u201d, \u201cGotham\u201d);\u00a0<strong class=\"group-[.isActiveSource]:text-xl group-[.isActiveSource]:font-bold group-[.isActiveSource]:text-xl group-[.isActiveSource]:font-bold group-[.isActiveSource]:text-xl group-[.isActiveSource]:font-bold group-[.isActiveSource]:text-xl group-[.isActiveSource]:font-bold\">Nathan Fillion<\/strong>\u00a0(Guardi\u00f5es da Gal\u00e1xia\u201d);\u00a0<strong class=\"group-[.isActiveSource]:text-xl group-[.isActiveSource]:font-bold group-[.isActiveSource]:text-xl group-[.isActiveSource]:font-bold group-[.isActiveSource]:text-xl group-[.isActiveSource]:font-bold group-[.isActiveSource]:text-xl group-[.isActiveSource]:font-bold\">Isabela Merced<\/strong>\u00a0(\u201cThe Last of Us\u201d);\u00a0<strong class=\"group-[.isActiveSource]:text-xl group-[.isActiveSource]:font-bold group-[.isActiveSource]:text-xl group-[.isActiveSource]:font-bold group-[.isActiveSource]:text-xl group-[.isActiveSource]:font-bold group-[.isActiveSource]:text-xl group-[.isActiveSource]:font-bold\">Skyler Gisondo<\/strong>\u00a0(\u201cLicorice Pizza\u201d);<strong class=\"group-[.isActiveSource]:text-xl group-[.isActiveSource]:font-bold group-[.isActiveSource]:text-xl group-[.isActiveSource]:font-bold group-[.isActiveSource]:text-xl group-[.isActiveSource]:font-bold group-[.isActiveSource]:text-xl group-[.isActiveSource]:font-bold\">\u00a0Sara Sampaio<\/strong>\u00a0(\u201cAt Midnight\u201d);\u00a0<strong class=\"group-[.isActiveSource]:text-xl group-[.isActiveSource]:font-bold group-[.isActiveSource]:text-xl group-[.isActiveSource]:font-bold group-[.isActiveSource]:text-xl group-[.isActiveSource]:font-bold group-[.isActiveSource]:text-xl group-[.isActiveSource]:font-bold\">Mar\u00eda Gabriela de Far\u00eda<\/strong>\u00a0(\u201cThe Moodys\u201d);<strong class=\"group-[.isActiveSource]:text-xl group-[.isActiveSource]:font-bold group-[.isActiveSource]:text-xl group-[.isActiveSource]:font-bold group-[.isActiveSource]:text-xl group-[.isActiveSource]:font-bold group-[.isActiveSource]:text-xl group-[.isActiveSource]:font-bold\">\u00a0Wendell Pierce<\/strong>\u00a0(\u201cSelma: Uma Luta pela Igualdade\u201d);\u00a0<strong class=\"group-[.isActiveSource]:text-xl group-[.isActiveSource]:font-bold group-[.isActiveSource]:text-xl group-[.isActiveSource]:font-bold group-[.isActiveSource]:text-xl group-[.isActiveSource]:font-bold group-[.isActiveSource]:text-xl group-[.isActiveSource]:font-bold\">Alan Tudyk<\/strong>\u00a0(\u201cAndor\u201d);<strong class=\"group-[.isActiveSource]:text-xl group-[.isActiveSource]:font-bold group-[.isActiveSource]:text-xl group-[.isActiveSource]:font-bold group-[.isActiveSource]:text-xl group-[.isActiveSource]:font-bold group-[.isActiveSource]:text-xl group-[.isActiveSource]:font-bold\">\u00a0Pruitt Taylor Vince<\/strong>\u00a0(\u201cBird Box\u201d); e<strong class=\"group-[.isActiveSource]:text-xl group-[.isActiveSource]:font-bold group-[.isActiveSource]:text-xl group-[.isActiveSource]:font-bold group-[.isActiveSource]:text-xl group-[.isActiveSource]:font-bold group-[.isActiveSource]:text-xl group-[.isActiveSource]:font-bold\">\u00a0Neva Howell<\/strong> (\u201cGreedy People: Pessoas Gananciosas\u201d).<\/p>\n<p class=\"my-5 break-words group-[.isActiveSource]:text-xl my-5 break-words group-[.isActiveSource]:text-xl\">No come\u00e7o deste m\u00eas, o diretor <strong class=\"group-[.isActiveSource]:text-xl group-[.isActiveSource]:font-bold group-[.isActiveSource]:text-xl group-[.isActiveSource]:font-bold\">James Gunn<\/strong>, anunciou nas redes sociais o <a href=\"https:\/\/www.cnnbrasil.com.br\/entretenimento\/superman-2-e-anunciado-para-2027-veja-data\/\" target=\"_blank\" rel=\"noopener noreferrer nofollow\" class=\"text-red-600 underline hover:text-red-500 font-medium break-words group-[.isActiveSource]:text-xl\">segundo filme da nova era<\/a> do cl\u00e1ssico super-her\u00f3i Super-Homem. O cineasta foi o respons\u00e1vel por dirigir &#8220;Superman&#8221;, que estreou nos cinemas em juhlo deste ano com o protagonismo de <strong class=\"group-[.isActiveSource]:text-xl group-[.isActiveSource]:font-bold group-[.isActiveSource]:text-xl group-[.isActiveSource]:font-bold\">David Corenswet (Clark Kent) e Rachel Brosnahan (Lois Lane).<\/strong><\/p>\n<p class=\"my-5 break-words group-[.isActiveSource]:text-xl my-5 break-words group-[.isActiveSource]:text-xl\">&#8220;Superman 2&#8221;\u00a0<strong class=\"group-[.isActiveSource]:text-xl group-[.isActiveSource]:font-bold group-[.isActiveSource]:text-xl group-[.isActiveSource]:font-bold\">chega aos cinemas em 9 de julho de 2027.\u00a0<\/strong>Segundo ainda a publica\u00e7\u00e3o, o novo filme se chamar\u00e1\u00a0<strong class=\"group-[.isActiveSource]:text-xl group-[.isActiveSource]:font-bold group-[.isActiveSource]:text-xl group-[.isActiveSource]:font-bold\">&#8220;Man of Tomorrow&#8221;<\/strong> (&#8220;O Homem do Amanh\u00e3&#8221;, em tradu\u00e7\u00e3o literal).<\/p>\n<p class=\"my-5 break-words group-[.isActiveSource]:text-xl\">&#8220;Superman&#8221; estreia exclusivamente na HBO Max no dia 19 de setembro. A produ\u00e7\u00e3o tamb\u00e9m estreia na programa\u00e7\u00e3o linear da HBO no dia 20.<\/p>\n","protected":false},"excerpt":{"rendered":"O filme &#8220;Superman&#8221; ganhou uma data para chegar ao streaming. Dispon\u00edvel para compra e aluguel em algumas plataformas&hellip;\n","protected":false},"author":2,"featured_media":28751,"comment_status":"","ping_status":"","sticky":false,"template":"","format":"standard","meta":{"footnotes":""},"categories":[140],"tags":[114,115,147,148,146,32,33],"class_list":{"0":"post-74318","1":"post","2":"type-post","3":"status-publish","4":"format-standard","5":"has-post-thumbnail","7":"category-filmes","8":"tag-entertainment","9":"tag-entretenimento","10":"tag-film","11":"tag-filmes","12":"tag-movies","13":"tag-portugal","14":"tag-pt"},"share_on_mastodon":{"url":"","error":""},"_links":{"self":[{"href":"https:\/\/www.europesays.com\/pt\/wp-json\/wp\/v2\/posts\/74318","targetHints":{"allow":["GET"]}}],"collection":[{"href":"https:\/\/www.europesays.com\/pt\/wp-json\/wp\/v2\/posts"}],"about":[{"href":"https:\/\/www.europesays.com\/pt\/wp-json\/wp\/v2\/types\/post"}],"author":[{"embeddable":true,"href":"https:\/\/www.europesays.com\/pt\/wp-json\/wp\/v2\/users\/2"}],"replies":[{"embeddable":true,"href":"https:\/\/www.europesays.com\/pt\/wp-json\/wp\/v2\/comments?post=74318"}],"version-history":[{"count":0,"href":"https:\/\/www.europesays.com\/pt\/wp-json\/wp\/v2\/posts\/74318\/revisions"}],"wp:featuredmedia":[{"embeddable":true,"href":"https:\/\/www.europesays.com\/pt\/wp-json\/wp\/v2\/media\/28751"}],"wp:attachment":[{"href":"https:\/\/www.europesays.com\/pt\/wp-json\/wp\/v2\/media?parent=74318"}],"wp:term":[{"taxonomy":"category","embeddable":true,"href":"https:\/\/www.europesays.com\/pt\/wp-json\/wp\/v2\/categories?post=74318"},{"taxonomy":"post_tag","embeddable":true,"href":"https:\/\/www.europesays.com\/pt\/wp-json\/wp\/v2\/tags?post=74318"}],"curies":[{"name":"wp","href":"https:\/\/api.w.org\/{rel}","templated":true}]}}