{"id":74321,"date":"2025-09-16T20:49:17","date_gmt":"2025-09-16T20:49:17","guid":{"rendered":"https:\/\/www.europesays.com\/pt\/74321\/"},"modified":"2025-09-16T20:49:17","modified_gmt":"2025-09-16T20:49:17","slug":"gravidez-quais-as-anestesias-disponiveis-para-o-parto","status":"publish","type":"post","link":"https:\/\/www.europesays.com\/pt\/74321\/","title":{"rendered":"GRAVIDEZ: QUAIS AS ANESTESIAS DISPON\u00cdVEIS PARA O PARTO?"},"content":{"rendered":"<p>O parto \u00e9 um dos momentos mais importantes da vida da mulher e envolve tanto emo\u00e7\u00f5es quanto decis\u00f5es m\u00e9dicas fundamentais. Entre elas, a escolha da anestesia \u00e9 uma das maiores d\u00favidas das gestantes. De acordo com a Federa\u00e7\u00e3o Brasileira das Associa\u00e7\u00f5es de Ginecologia e Obstetr\u00edcia (Febrasgo), mais de 50% dos partos realizados no Brasil s\u00e3o cesarianas \u2014 procedimento que, em sua maioria, necessita de anestesia regional.<\/p>\n<p>Para o m\u00e9dico anestesiologista Hugo Dantas, presidente da Cooperativa dos M\u00e9dicos Anestesiologistas da Bahia (Coopanest-Ba), a avalia\u00e7\u00e3o pr\u00e9-anest\u00e9sica \u00e9 indispens\u00e1vel para garantir seguran\u00e7a e personaliza\u00e7\u00e3o. \u201cO anestesiologista precisa conhecer o hist\u00f3rico cl\u00ednico, alergias, uso de medicamentos e condi\u00e7\u00f5es espec\u00edficas da gestante, como hipertens\u00e3o ou diabetes gestacional. \u00c9 esse cuidado que possibilita indicar a t\u00e9cnica mais adequada para um parto tranquilo e seguro\u201d, destaca.<\/p>\n<p>Tipos de anestesia utilizados no parto<\/p>\n<p>Analgesia para parto normal: reduz a dor das contra\u00e7\u00f5es sem retirar a mobilidade da gestante. \u00c9 feita geralmente com bloqueio peridural ou combinado, permitindo que a mulher participe ativamente do nascimento.<\/p>\n<p>Anestesia raquidiana ou peridural para ces\u00e1rea: t\u00e9cnicas mais comuns, que bloqueiam a sensibilidade da cintura para baixo, mantendo a m\u00e3e consciente para acompanhar o nascimento do beb\u00ea.<\/p>\n<p>Anestesia geral: indicada apenas em situa\u00e7\u00f5es emergenciais ou quando h\u00e1 contraindica\u00e7\u00f5es para os bloqueios regionais, sendo utilizada em menos de 5% das cesarianas, segundo a Sociedade Brasileira de Anestesiologia (SBA).<\/p>\n<p>Seguran\u00e7a materna e neonatal<\/p>\n<p>Al\u00e9m de aliviar a dor, a anestesia deve priorizar a seguran\u00e7a da m\u00e3e e do beb\u00ea. Estudos recentes publicados no Journal of Obstetric Anaesthesia refor\u00e7am que a anestesia regional (raquidiana e peridural) \u00e9 a mais segura para cesarianas, associada a menores taxas de complica\u00e7\u00f5es respirat\u00f3rias e recupera\u00e7\u00e3o mais r\u00e1pida.<\/p>\n<p>\u201cO parto \u00e9 um evento \u00fanico e deve ser planejado com informa\u00e7\u00e3o clara e acompanhamento especializado. A consulta pr\u00e9-anest\u00e9sica diminui a ansiedade, esclarece riscos e garante que m\u00e3e e beb\u00ea estejam protegidos do in\u00edcio ao fim do processo\u201d, completa Hugo Dantas.<\/p>\n<p>Coopanest-Ba<\/p>\n<p>A Cooperativa dos M\u00e9dicos Anestesiologistas da Bahia foi fundada em 2 de julho de 1985, inicialmente sob o nome COPAS \u2013 Cooperativa dos Anestesiologistas de Salvador. Em 5 de agosto de 1991, com a amplia\u00e7\u00e3o de sua atua\u00e7\u00e3o para al\u00e9m da capital, passou a se chamar COOPANEST-BA, congregando anestesiologistas de todo o estado. Ao longo de quatro d\u00e9cadas, a cooperativa permanece firme na defesa dos interesses de seus cooperados, oferecendo servi\u00e7os de excel\u00eancia reconhecidos nacionalmente, investindo em tecnologia e promovendo iniciativas que fortalecem a anestesiologia na Bahia. Mais informa\u00e7\u00f5es: https:\/\/www.coopanestba.com.br\/<\/p>\n<p>Foto: Freepik<\/p>\n","protected":false},"excerpt":{"rendered":"O parto \u00e9 um dos momentos mais importantes da vida da mulher e envolve tanto emo\u00e7\u00f5es quanto decis\u00f5es&hellip;\n","protected":false},"author":2,"featured_media":74322,"comment_status":"","ping_status":"","sticky":false,"template":"","format":"standard","meta":{"footnotes":""},"categories":[86],"tags":[726,476,116,32,33,117],"class_list":{"0":"post-74321","1":"post","2":"type-post","3":"status-publish","4":"format-standard","5":"has-post-thumbnail","7":"category-saude","8":"tag-brasil","9":"tag-economia","10":"tag-health","11":"tag-portugal","12":"tag-pt","13":"tag-saude"},"share_on_mastodon":{"url":"","error":""},"_links":{"self":[{"href":"https:\/\/www.europesays.com\/pt\/wp-json\/wp\/v2\/posts\/74321","targetHints":{"allow":["GET"]}}],"collection":[{"href":"https:\/\/www.europesays.com\/pt\/wp-json\/wp\/v2\/posts"}],"about":[{"href":"https:\/\/www.europesays.com\/pt\/wp-json\/wp\/v2\/types\/post"}],"author":[{"embeddable":true,"href":"https:\/\/www.europesays.com\/pt\/wp-json\/wp\/v2\/users\/2"}],"replies":[{"embeddable":true,"href":"https:\/\/www.europesays.com\/pt\/wp-json\/wp\/v2\/comments?post=74321"}],"version-history":[{"count":0,"href":"https:\/\/www.europesays.com\/pt\/wp-json\/wp\/v2\/posts\/74321\/revisions"}],"wp:featuredmedia":[{"embeddable":true,"href":"https:\/\/www.europesays.com\/pt\/wp-json\/wp\/v2\/media\/74322"}],"wp:attachment":[{"href":"https:\/\/www.europesays.com\/pt\/wp-json\/wp\/v2\/media?parent=74321"}],"wp:term":[{"taxonomy":"category","embeddable":true,"href":"https:\/\/www.europesays.com\/pt\/wp-json\/wp\/v2\/categories?post=74321"},{"taxonomy":"post_tag","embeddable":true,"href":"https:\/\/www.europesays.com\/pt\/wp-json\/wp\/v2\/tags?post=74321"}],"curies":[{"name":"wp","href":"https:\/\/api.w.org\/{rel}","templated":true}]}}