{"id":74323,"date":"2025-09-16T20:50:18","date_gmt":"2025-09-16T20:50:18","guid":{"rendered":"https:\/\/www.europesays.com\/pt\/74323\/"},"modified":"2025-09-16T20:50:18","modified_gmt":"2025-09-16T20:50:18","slug":"as-sapatilhas-da-skechers-que-combinam-com-qualquer-outfit-estao-em-promocao-nit","status":"publish","type":"post","link":"https:\/\/www.europesays.com\/pt\/74323\/","title":{"rendered":"As sapatilhas da Skechers que combinam com qualquer outfit est\u00e3o em promo\u00e7\u00e3o \u2014 NiT"},"content":{"rendered":"<p>Pensar no que vai cal\u00e7ar, n\u00e3o pode nem deve ser mais uma preocupa\u00e7\u00e3o no dia a dia. A preocupa\u00e7\u00e3o em finalizar um outfit deve ser simples, principalmente se tem uma rotina agitada. Os \u00fanicos requisitos devem ser o conforto e a funcionalidade, para conseguir dar conta do recado sem que as dores nos p\u00e9s atrapalhem os afazeres.\u00a0<\/p>\n<p>As sapatilhas querem-se leves, confort\u00e1veis e se, a isto, acrescentar a est\u00e9tica, melhor ainda. A Skechers tem um estilo consensual, com op\u00e7\u00f5es vers\u00e1teis para quem n\u00e3o tem tempo de mudar os sapatos entre um compromisso e outro (isto \u00e9, entre sair do trabalho para fazer uma caminhada ao final do dia, por exemplo).<\/p>\n<p>O modelo Vapor Foam \u2013 Fresh Trend tem essas caracter\u00edsticas e ainda o b\u00f3nus de combinar com todas as pe\u00e7as de roupa. O design minimalista e modern torna-se elegante para usar com outfits mais formais ou descontra\u00eddos.\u00a0<\/p>\n<p>A cor e o material em tecido, v\u00e3o permitir acompanhar a transi\u00e7\u00e3o de esta\u00e7\u00e3o do ano.\u00a0Como em qualquer pe\u00e7a da Skechers, este par possui um material respir\u00e1vel que vai manter os p\u00e9s frescos e secos, mesmo durante a pr\u00e1tica de atividades mais intensas.\u00a0<\/p>\n<p><img decoding=\"async\" loading=\"lazy\" class=\"alignnone  wp-image-1505247\" src=\"https:\/\/www.europesays.com\/pt\/wp-content\/uploads\/2025\/09\/2b3619b8d7b874f76d123eee9a059ea0.jpg\" alt=\"\" width=\"776\" height=\"516\"  \/><\/p>\n<p>A composi\u00e7\u00e3o da sola, bem como a palmilha alcolchoada tamb\u00e9m garantem uma boa ader\u00eancia e estabilidade.\u00a0O modelo pode ser encontrado na Decathlon.<\/p>\n<p>Para quem tem interesse em manter um estilo de vida ativo e dentro das tend\u00eancias da moda, al\u00e9m de conseguir encontrar este design em lojas f\u00edsicas da Decathlon, tamb\u00e9m pode adquiri-lo no <a href=\"https:\/\/www.decathlon.pt\/p\/mp\/skechers\/calcado-de-caminhada-para-mulheres-skechers-vapor-foam-fresh-trend\/_\/R-p-0825a60b-a177-46fc-b70b-51554a69e09d?mc=0825a60b-a177-46fc-b70b-51554a69e09d_c30&amp;c=Bege\" target=\"_blank\" rel=\"nofollow noopener\">site.<\/a> H\u00e1 tamanhos entre o 36 e o 41. Inicialmente custavam 80,95\u20ac, o modelo est\u00e1 com 39 por cento de desconto, ficando a 48,99\u20ac.<\/p>\n<p>Carregue na galeria para ver op\u00e7\u00f5es de leggings que pode conjugar com as sapatilhas.<\/p>\n","protected":false},"excerpt":{"rendered":"Pensar no que vai cal\u00e7ar, n\u00e3o pode nem deve ser mais uma preocupa\u00e7\u00e3o no dia a dia. A&hellip;\n","protected":false},"author":2,"featured_media":74324,"comment_status":"","ping_status":"","sticky":false,"template":"","format":"standard","meta":{"footnotes":""},"categories":[85],"tags":[114,115,32,33],"class_list":{"0":"post-74323","1":"post","2":"type-post","3":"status-publish","4":"format-standard","5":"has-post-thumbnail","7":"category-entretenimento","8":"tag-entertainment","9":"tag-entretenimento","10":"tag-portugal","11":"tag-pt"},"share_on_mastodon":{"url":"","error":""},"_links":{"self":[{"href":"https:\/\/www.europesays.com\/pt\/wp-json\/wp\/v2\/posts\/74323","targetHints":{"allow":["GET"]}}],"collection":[{"href":"https:\/\/www.europesays.com\/pt\/wp-json\/wp\/v2\/posts"}],"about":[{"href":"https:\/\/www.europesays.com\/pt\/wp-json\/wp\/v2\/types\/post"}],"author":[{"embeddable":true,"href":"https:\/\/www.europesays.com\/pt\/wp-json\/wp\/v2\/users\/2"}],"replies":[{"embeddable":true,"href":"https:\/\/www.europesays.com\/pt\/wp-json\/wp\/v2\/comments?post=74323"}],"version-history":[{"count":0,"href":"https:\/\/www.europesays.com\/pt\/wp-json\/wp\/v2\/posts\/74323\/revisions"}],"wp:featuredmedia":[{"embeddable":true,"href":"https:\/\/www.europesays.com\/pt\/wp-json\/wp\/v2\/media\/74324"}],"wp:attachment":[{"href":"https:\/\/www.europesays.com\/pt\/wp-json\/wp\/v2\/media?parent=74323"}],"wp:term":[{"taxonomy":"category","embeddable":true,"href":"https:\/\/www.europesays.com\/pt\/wp-json\/wp\/v2\/categories?post=74323"},{"taxonomy":"post_tag","embeddable":true,"href":"https:\/\/www.europesays.com\/pt\/wp-json\/wp\/v2\/tags?post=74323"}],"curies":[{"name":"wp","href":"https:\/\/api.w.org\/{rel}","templated":true}]}}