{"id":74327,"date":"2025-09-16T20:56:12","date_gmt":"2025-09-16T20:56:12","guid":{"rendered":"https:\/\/www.europesays.com\/pt\/74327\/"},"modified":"2025-09-16T20:56:12","modified_gmt":"2025-09-16T20:56:12","slug":"redford-representou-lado-humanista-do-cinema-americano-16-09-2025-ilustrada","status":"publish","type":"post","link":"https:\/\/www.europesays.com\/pt\/74327\/","title":{"rendered":"Redford representou lado humanista do cinema americano &#8211; 16\/09\/2025 &#8211; Ilustrada"},"content":{"rendered":"<p>Diferente da m\u00e9dia, Robert Redford sempre foi. Por exemplo, tendo nascido em Los Angeles, ao contr\u00e1rio de quase toda Hollywood, nunca viu aquela como uma cidade aonde chegar, mas de onde sair. &#8220;Eu nasci no fim do arco-\u00edris. N\u00e3o vi o arco-\u00edris&#8221;, disse ele, <a href=\"https:\/\/www1.folha.uol.com.br\/ilustrada\/2025\/09\/morre-robert-redford-cineasta-vencedor-do-oscar-e-ativista-ambiental-aos-89.shtml\" rel=\"nofollow noopener\" target=\"\">morto nesta ter\u00e7a-feira<\/a>.<\/p>\n<p>Gostava da Los Angeles onde nasceu, em 1936, mas n\u00e3o daquilo em que a cidade se tornou ap\u00f3s a Segunda Guerra: enorme e rica. Seu pai era contador. Sua proximidade era com a m\u00e3e, que o aproximou dos livros. Isso era uma coisa. A disciplina, outra. Inquieto e rebelde, foi expulso de v\u00e1rias escolas antes de ir para a Universidade do Colorado, com uma bolsa obtida gra\u00e7as a suas habilidades como jogador de beisebol.<\/p>\n<p>Foi l\u00e1 que, disse, se apaixonou pela natureza. Sua milit\u00e2ncia ambientalista vem desse momento.<\/p>\n<p>A parada seguinte foi em Paris, onde estudou artes por um ano e meio no come\u00e7o dos anos 1950. Ali lhe perguntaram sobre sua posi\u00e7\u00e3o pol\u00edtica. Nunca tinha pensado no assunto. Nunca mais deixaria de pensar.<\/p>\n<p>A natureza, a liberdade, a pol\u00edtica foram fatores decisivos em sua carreira. Talvez a rebeldia da juventude o tenha levado ali \u2014<a href=\"https:\/\/www1.folha.uol.com.br\/ilustrada\/2025\/09\/robert-redford-morto-aos-89-anos-exigia-de-seus-filmes-densidade-cultural.shtml\" rel=\"nofollow noopener\" target=\"\">Redford representou sempre o lado mais humanista e progressista do cinema norte-americano<\/a>. Consulte-se sua filmografia. Com\u00e9dia, drama, filme pol\u00edtico \u2014\u00e9 dif\u00edcil encontrar um filme inconsequente.<\/p>\n<p>Depois de se transferir das artes pl\u00e1sticas para as artes dram\u00e1ticas, ap\u00f3s voltar da Fran\u00e7a e se fixar em Nova York, encontrou o que seria seu caminho. O in\u00edcio foi no teatro, de onde passou ao trabalho em s\u00e9ries de TV \u2014v\u00e1rias delas boas, como &#8220;Perry Mason&#8221;, &#8220;Al\u00e9m da Imagina\u00e7\u00e3o&#8221;, &#8220;Alfred Hitchcock Presents&#8221; \u2014e, finalmente, chegou ao cinema, primeiro com Robert Mullingan, em &#8220;A Procura do Destino&#8221;, de 1965, e depois com Arthur Penn, em &#8220;Ca\u00e7ada Humana&#8221;, de 1966,<\/p>\n<p>Seu primeiro papel, o que o tornou conhecido, foi ao lado de Natalie Wood em &#8220;Esta Mulher \u00c9 Proibida&#8221;, de 1967, primeiro filme de Sydney Pollack, com roteiro de Tennessee Williams e Francis Ford Coppola.<\/p>\n<p>O que veio depois foi uma enxurrada de sucessos em filmes invariavelmente marcados pela generosidade e olhar liberal, como o faroeste &#8220;Butch Cassidy&#8221;, de 1969, e a com\u00e9dia &#8220;Golpe de Mestre&#8221;, de 1972, longas que consagraram sua parceria com Paul Newman. A preocupa\u00e7\u00e3o com os povos ind\u00edgenas dos EUA \u00e9 clara em &#8220;Mais Forte que a Vingan\u00e7a&#8221;, tamb\u00e9m de Sydney Pollack, em que o homem solit\u00e1rio descobre no \u00edndio uma fonte de conhecimento e de modos de conviv\u00eancia.<\/p>\n<p>O jornalismo tamb\u00e9m podia ser uma forma de engajamento, e isso \u00e9 o que se pode ver em<a href=\"https:\/\/www1.folha.uol.com.br\/fsp\/ilustrad\/fq2307200614.htm\" rel=\"nofollow noopener\" target=\"\"> &#8220;Todos os Homens do Presidente&#8221;, de 1976<\/a>.<\/p>\n<p>Redford era, ningu\u00e9m duvida, um rosto bonito, um dos principais gal\u00e3s de seu tempo. Um \u00f3timo ator, idem. Mas isso n\u00e3o o contentava. Primeiro, instalou-se em Utah, estado de sua primeira mulher, Lola van Hanegen, onde comprou uma propriedade. Fez desse lugar a sede do famoso festival de Sundance do cinema independente, criado em 1978 e destinado a abrigar filmes com ambi\u00e7\u00e3o art\u00edstica, num cinema americano que naquele momento se voltava aos blockbusters e a produ\u00e7\u00f5es criadas em torno de efeitos especiais.<\/p>\n<p>Sua divisa era sempre olhar para frente, n\u00e3o se contentar com o que j\u00e1 havia feiro. Foi fiel a essa m\u00e1xima. Como produtor, ali\u00e1s, esteve duas vezes com Walter Salles Jr., em &#8220;Central do Brasil&#8221;, 1998, e &#8220;Di\u00e1rios de Motocicleta&#8221;, de 2003.<\/p>\n<p>Passou tamb\u00e9m \u00e0 dire\u00e7\u00e3o, o que lhe valeu o \u00fanico Oscar que ganhou, e logo na estreia, em &#8220;Gente como a Gente&#8221; (1980). Foi o primeiro dos dez filmes que dirigiu.<\/p>\n<p>Voltou a concorrer na categoria uma segunda vez com &#8220;Quiz Show&#8221; (1994), que talvez fosse at\u00e9 superior ao primeiro, mas n\u00e3o ganhou. Levaria um Oscar honor\u00e1rio pela carreira e, de quebra, foi <a href=\"https:\/\/www1.folha.uol.com.br\/mundo\/2016\/11\/1834712-obama-concede-medalha-da-liberdade-a-artistas-e-atletas.shtml\" rel=\"nofollow noopener\" target=\"\">homenageado com a Medalha da Liberdade, por Barack Obama<\/a>, ent\u00e3o presidente dos EUA.<\/p>\n","protected":false},"excerpt":{"rendered":"Diferente da m\u00e9dia, Robert Redford sempre foi. Por exemplo, tendo nascido em Los Angeles, ao contr\u00e1rio de quase&hellip;\n","protected":false},"author":2,"featured_media":74328,"comment_status":"","ping_status":"","sticky":false,"template":"","format":"standard","meta":{"footnotes":""},"categories":[145],"tags":[211,210,470,114,115,236,2595,3670,32,33,19435],"class_list":{"0":"post-74327","1":"post","2":"type-post","3":"status-publish","4":"format-standard","5":"has-post-thumbnail","7":"category-celebridades","8":"tag-celebridades","9":"tag-celebrities","10":"tag-cinema","11":"tag-entertainment","12":"tag-entretenimento","13":"tag-folha","14":"tag-hollywood","15":"tag-los-angeles","16":"tag-portugal","17":"tag-pt","18":"tag-robert-redford"},"share_on_mastodon":{"url":"","error":""},"_links":{"self":[{"href":"https:\/\/www.europesays.com\/pt\/wp-json\/wp\/v2\/posts\/74327","targetHints":{"allow":["GET"]}}],"collection":[{"href":"https:\/\/www.europesays.com\/pt\/wp-json\/wp\/v2\/posts"}],"about":[{"href":"https:\/\/www.europesays.com\/pt\/wp-json\/wp\/v2\/types\/post"}],"author":[{"embeddable":true,"href":"https:\/\/www.europesays.com\/pt\/wp-json\/wp\/v2\/users\/2"}],"replies":[{"embeddable":true,"href":"https:\/\/www.europesays.com\/pt\/wp-json\/wp\/v2\/comments?post=74327"}],"version-history":[{"count":0,"href":"https:\/\/www.europesays.com\/pt\/wp-json\/wp\/v2\/posts\/74327\/revisions"}],"wp:featuredmedia":[{"embeddable":true,"href":"https:\/\/www.europesays.com\/pt\/wp-json\/wp\/v2\/media\/74328"}],"wp:attachment":[{"href":"https:\/\/www.europesays.com\/pt\/wp-json\/wp\/v2\/media?parent=74327"}],"wp:term":[{"taxonomy":"category","embeddable":true,"href":"https:\/\/www.europesays.com\/pt\/wp-json\/wp\/v2\/categories?post=74327"},{"taxonomy":"post_tag","embeddable":true,"href":"https:\/\/www.europesays.com\/pt\/wp-json\/wp\/v2\/tags?post=74327"}],"curies":[{"name":"wp","href":"https:\/\/api.w.org\/{rel}","templated":true}]}}