{"id":74345,"date":"2025-09-16T21:11:03","date_gmt":"2025-09-16T21:11:03","guid":{"rendered":"https:\/\/www.europesays.com\/pt\/74345\/"},"modified":"2025-09-16T21:11:03","modified_gmt":"2025-09-16T21:11:03","slug":"melhor-fotografia-astronomica-de-2025-veja-os-vencedores-do-premio-anual","status":"publish","type":"post","link":"https:\/\/www.europesays.com\/pt\/74345\/","title":{"rendered":"Melhor fotografia astron\u00f4mica de 2025: veja os vencedores do pr\u00eamio anual"},"content":{"rendered":"<p class=\"my-5 break-words group-[.isActiveSource]:text-xl\">Os vencedores da competi\u00e7\u00e3o\u00a0<strong class=\"group-[.isActiveSource]:text-xl group-[.isActiveSource]:font-bold group-[.isActiveSource]:text-xl group-[.isActiveSource]:font-bold\">Astronomy Photographer of the Year de 2025<\/strong> (Fot\u00f3grafo de Astronomia do Ano, em portugu\u00eas), organizada pelo Royal Observatory Greenwich, foram divulgados neste m\u00eas.<\/p>\n<p class=\"my-5 break-words group-[.isActiveSource]:text-xl\"><strong class=\"group-[.isActiveSource]:text-xl group-[.isActiveSource]:font-bold\">Veja na galeria acima as imagens vencedoras de cada categoria do ZWO Astronomy Photographer of the Year de 2025.<\/strong><\/p>\n<p class=\"my-5 break-words group-[.isActiveSource]:text-xl\">A grande vencedora geral desta edi\u00e7\u00e3o, que tamb\u00e9m venceu na categoria Gal\u00e1xias, foi a fotografia <strong class=\"group-[.isActiveSource]:text-xl group-[.isActiveSource]:font-bold\">&#8220;O N\u00facleo de Andr\u00f4meda&#8221;<\/strong>, feita por Weitang Liang, Qi Yang e Chuhong Yu, um trio de fot\u00f3grafos chineses. A foto mostra a regi\u00e3o central da Gal\u00e1xia de Andr\u00f4meda (M31), a gal\u00e1xia grande mais pr\u00f3xima de n\u00f3s, a cerca de 2,5 milh\u00f5es de anos-luz de dist\u00e2ncia.<\/p>\n<p class=\"my-5 break-words group-[.isActiveSource]:text-xl\">&#8220;Esta imagem n\u00e3o visa apenas capturar a beleza de Andr\u00f4meda; \u00e9 um esfor\u00e7o para destacar os processos din\u00e2micos que moldam sua evolu\u00e7\u00e3o, desde o nascimento de novas estrelas at\u00e9 a influ\u00eancia de estruturas interestelares perto de seu n\u00facleo&#8221;, disseram os autores da fotografia, ao descrever a imagem vencedora.<\/p>\n<p><img decoding=\"async\" src=\"https:\/\/www.europesays.com\/pt\/wp-content\/uploads\/2025\/09\/imagem-vencedora-zwo-photographer-astronomic.webp\" alt=\"Weitang Liang, Qi Yang e Chuhong Yu foram os fot\u00f3grafos respons\u00e1veis por registrar &quot;O N\u00facleo de Andr\u00f4meda&quot;, imagem vencedora do concurso \u2022 ZWO Astronomy Photographer of the Year\" width=\"849\" height=\"477\" class=\"flex size-full object-cover\" loading=\"lazy\"\/>Weitang Liang, Qi Yang e Chuhong Yu foram os fot\u00f3grafos respons\u00e1veis por registrar &#8220;O N\u00facleo de Andr\u00f4meda&#8221;, imagem vencedora do concurso \u2022 ZWO Astronomy Photographer of the Year<\/p>\n<p class=\"my-5 break-words group-[.isActiveSource]:text-xl my-5 break-words group-[.isActiveSource]:text-xl\">Considerada a maior competi\u00e7\u00e3o internacional da categoria, <a href=\"https:\/\/www.cnnbrasil.com.br\/tecnologia\/veja-21-fotos-finalistas-do-premio-de-melhor-fotografo-astronomico-de-2025\/\" class=\"text-red-600 underline hover:text-red-500 font-medium break-words group-[.isActiveSource]:text-xl\" target=\"_self\" rel=\"nofollow noopener\">as imagens finalistas e vencedoras <\/a>do concurso ser\u00e3o expostas no National Maritime Museum, em Londres.<\/p>\n<p class=\"my-5 break-words group-[.isActiveSource]:text-xl my-5 break-words group-[.isActiveSource]:text-xl\">Em sua 17\u00aa edi\u00e7\u00e3o, o concurso recebeu um n\u00famero recorde de inscri\u00e7\u00f5es em 2025, com mais de 5.880 fotografias enviadas de 68 pa\u00edses diferentes.<\/p>\n","protected":false},"excerpt":{"rendered":"Os vencedores da competi\u00e7\u00e3o\u00a0Astronomy Photographer of the Year de 2025 (Fot\u00f3grafo de Astronomia do Ano, em portugu\u00eas), organizada&hellip;\n","protected":false},"author":2,"featured_media":74346,"comment_status":"","ping_status":"","sticky":false,"template":"","format":"standard","meta":{"footnotes":""},"categories":[144],"tags":[207,205,206,203,201,202,204,114,115,32,33],"class_list":{"0":"post-74345","1":"post","2":"type-post","3":"status-publish","4":"format-standard","5":"has-post-thumbnail","7":"category-arte-e-design","8":"tag-arte","9":"tag-arte-e-design","10":"tag-artedesign","11":"tag-arts","12":"tag-arts-and-design","13":"tag-artsanddesign","14":"tag-design","15":"tag-entertainment","16":"tag-entretenimento","17":"tag-portugal","18":"tag-pt"},"share_on_mastodon":{"url":"","error":""},"_links":{"self":[{"href":"https:\/\/www.europesays.com\/pt\/wp-json\/wp\/v2\/posts\/74345","targetHints":{"allow":["GET"]}}],"collection":[{"href":"https:\/\/www.europesays.com\/pt\/wp-json\/wp\/v2\/posts"}],"about":[{"href":"https:\/\/www.europesays.com\/pt\/wp-json\/wp\/v2\/types\/post"}],"author":[{"embeddable":true,"href":"https:\/\/www.europesays.com\/pt\/wp-json\/wp\/v2\/users\/2"}],"replies":[{"embeddable":true,"href":"https:\/\/www.europesays.com\/pt\/wp-json\/wp\/v2\/comments?post=74345"}],"version-history":[{"count":0,"href":"https:\/\/www.europesays.com\/pt\/wp-json\/wp\/v2\/posts\/74345\/revisions"}],"wp:featuredmedia":[{"embeddable":true,"href":"https:\/\/www.europesays.com\/pt\/wp-json\/wp\/v2\/media\/74346"}],"wp:attachment":[{"href":"https:\/\/www.europesays.com\/pt\/wp-json\/wp\/v2\/media?parent=74345"}],"wp:term":[{"taxonomy":"category","embeddable":true,"href":"https:\/\/www.europesays.com\/pt\/wp-json\/wp\/v2\/categories?post=74345"},{"taxonomy":"post_tag","embeddable":true,"href":"https:\/\/www.europesays.com\/pt\/wp-json\/wp\/v2\/tags?post=74345"}],"curies":[{"name":"wp","href":"https:\/\/api.w.org\/{rel}","templated":true}]}}