{"id":74365,"date":"2025-09-16T21:27:17","date_gmt":"2025-09-16T21:27:17","guid":{"rendered":"https:\/\/www.europesays.com\/pt\/74365\/"},"modified":"2025-09-16T21:27:17","modified_gmt":"2025-09-16T21:27:17","slug":"catarina-miranda-nao-ganhou-mas-sentiu-se-vitoriosa-por-ter-ficado-com-afonso-iriamos-estar-sempre-juntos-tvi","status":"publish","type":"post","link":"https:\/\/www.europesays.com\/pt\/74365\/","title":{"rendered":"Catarina Miranda n\u00e3o ganhou, mas sentiu-se vitoriosa por ter ficado com Afonso: \u00abir\u00edamos estar sempre juntos\u00bb &#8211; TVI"},"content":{"rendered":"<ol>\n<li><a href=\"https:\/\/news.google.com\/rss\/articles\/CBMi-wFBVV95cUxNLXMwZXhSRzN0aWZ3WXBWcDVGdjZ3U3Nzd3h3NmlYZ0NTZE5ZR3VXTUZ2eHdUb3ZkdUFxMnE2U20xT0pjM2U3bjY1YUpxZEI2X0NBV1VRUlBhX1hadnBzQlNIOUFBVHl1U1p4M214WVVCRUI1T3VzOFN2dGFtby1GMU9CZlNYX0s5Zmw2MjdYdjN5MkF2X2ZSNXFpM2laWkZkMndpSVZPbTE0MWxEWDFZa1lmRGxRbE10dnNzbmVQcUZocXkzeTczRWdjZS1qcTZ2TjZrbDNha3FjeEZCd3hqRkZCeEE5XzYzS19UX0RmdnBuVWJROTFRU0h5VdIBgAJBVV95cUxPRDM5WWJiT0MwblJJbzg3bnBjY3NBRmU0d2x3UzR6cl9sYm9Vb19Md0w2VE5GSmVhNmtBcFpLb2RxYjd4cnJEdG1CSmEybFNfU3N4anJmZVVTeEFEUzBmb1VaMTdRUl83MmlfNFh6bmx5TGp4UVhyZFB5Q0loWWNhLWw0YXhuUjlubWJxQ1B3WFEteVF1V21ZR2V6LXlzRUktVXNSTDNpalZYR3c1YktKM1JhdndJaHEyQXgxa1hhZURHQlo0LTlRejVOYkVNd1dqcDc1OTRSbDVCVXNOUVRzM3Q4NGxrWUlvZjk4eVpfZ2pEZl9Uano5VkFyRmtacjQ4?oc=5\" target=\"_blank\" rel=\"nofollow noopener\">Catarina Miranda n\u00e3o ganhou, mas sentiu-se vitoriosa por ter ficado com Afonso: \u00abir\u00edamos estar sempre juntos\u00bb<\/a>&nbsp;&nbsp;TVI<\/li>\n<li><a href=\"https:\/\/news.google.com\/rss\/articles\/CBMi2wFBVV95cUxNODFPWnZud0hLdFprYkdwMXRBUUVXcUI5a1RpeHhXOTZwT0hjUldQYmRhMDU3U05fYTRsLTMxZnRrR2NldmtZTGc2c1U1S2lRaE9BdzNRZEpXOXFJUzZ5czllMWdXMy1RMm5iU0FJTm5mOWR1bkE5QXFEMkpINzNaWDZBNzRGQUpFZ2t5Uk9WMGhJeTRNMmVqVkVBU01mb094UWg4aTBYd0ljZFRJR3ZaQ3JvWGpJWE93Nm5TRXF2ZFhpRGNPT2pTOVNINldpUkZjcHdKNnRUSnNhWHM?oc=5\" target=\"_blank\" rel=\"nofollow noopener\">Catarina Miranda contra amizades de Afonso? Jovem implac\u00e1vel com Marcelo e Rita: \u201cN\u00e3o fa\u00e7o quest\u00e3o\u2026\u201d<\/a>&nbsp;&nbsp;SAPO<\/li>\n<li><a href=\"https:\/\/news.google.com\/rss\/articles\/CBMirAFBVV95cUxPMnI2MTNvLWZUNEoxWDJqY29EWVIxSkZvZDhoWlFTQnRqa0NGOVJVMGpGR2VsZWlCY0VKVFlKVS1Bc3JQbHE3UUNzUjczODlJc01yWnJyQ1RtV0d2X19JU3pXVGNoR2NwSGNtMFQwVVBPdHlpNzMzTFFRVU5KVUNfWTRROXFGREVHRFRLb2tsM09hZ1ZSYmgyd08tMDNZRDgxY3gxWlkwbUdqZjdF?oc=5\" target=\"_blank\" rel=\"nofollow noopener\">Na TVI! Catarina Miranda fala da rela\u00e7\u00e3o: \u2018Com o Afonso Leit\u00e3o vai ser o que Deus quiser\u2019<\/a>&nbsp;&nbsp;Dioguinho<\/li>\n<li><a href=\"https:\/\/news.google.com\/rss\/articles\/CBMihgFBVV95cUxOZ2JGcFRPTnNDZXN6LTNuREZyaGViRDJiRkdHb2J2MUJwOFkzVDc2a3MybWg0bVExUWs1RnltNkFETEtsX2ZjRTdTc0RHaVNFcFlMaXFPQnBvWldJUVRQVVUwcXJmX2VFb3Q2Y3UxY1FDMjlmM0EyLWVpbWNKTzJpYjNSMldoQQ?oc=5\" target=\"_blank\" rel=\"nofollow noopener\">Catarina Miranda orgulhosa do percurso dos &#8220;CaL\u00e9&#8221; no BB Ver\u00e3o<\/a>&nbsp;&nbsp;infocul.pt<\/li>\n<li><a href=\"https:\/\/news.google.com\/rss\/articles\/CBMikwFBVV95cUxPOEk4eFRtVnZYZTBHODhKWTlGeHdVcHlFU0liVDYyVHUzc2xWeVh6NGZrQXgyM0J5cmI4eEpVODJkQzN2X1ZDYlQyeTRsTjJJMGc2ekwwclJuN2hOU3ZZMG1ZZnR0a0hra0RPUmJaSjVkbm1kdGlMOEhwTzlZQlB0ODRoTERDRHFsYk9ZUEo2U2lNRkk?oc=5\" target=\"_blank\" rel=\"nofollow noopener\">Afonso Leit\u00e3o j\u00e1 conquistou a fam\u00edlia de Catarina Miranda<\/a>&nbsp;&nbsp;A Televis\u00e3o<\/li>\n<\/ol>\n","protected":false},"excerpt":{"rendered":"Catarina Miranda n\u00e3o ganhou, mas sentiu-se vitoriosa por ter ficado com Afonso: \u00abir\u00edamos estar sempre juntos\u00bb&nbsp;&nbsp;TVI Catarina Miranda&hellip;\n","protected":false},"author":2,"featured_media":73515,"comment_status":"","ping_status":"","sticky":false,"template":"","format":"standard","meta":{"footnotes":""},"categories":[142],"tags":[114,115,32,33,151],"class_list":{"0":"post-74365","1":"post","2":"type-post","3":"status-publish","4":"format-standard","5":"has-post-thumbnail","7":"category-tv","8":"tag-entertainment","9":"tag-entretenimento","10":"tag-portugal","11":"tag-pt","12":"tag-tv"},"share_on_mastodon":{"url":"","error":""},"_links":{"self":[{"href":"https:\/\/www.europesays.com\/pt\/wp-json\/wp\/v2\/posts\/74365","targetHints":{"allow":["GET"]}}],"collection":[{"href":"https:\/\/www.europesays.com\/pt\/wp-json\/wp\/v2\/posts"}],"about":[{"href":"https:\/\/www.europesays.com\/pt\/wp-json\/wp\/v2\/types\/post"}],"author":[{"embeddable":true,"href":"https:\/\/www.europesays.com\/pt\/wp-json\/wp\/v2\/users\/2"}],"replies":[{"embeddable":true,"href":"https:\/\/www.europesays.com\/pt\/wp-json\/wp\/v2\/comments?post=74365"}],"version-history":[{"count":0,"href":"https:\/\/www.europesays.com\/pt\/wp-json\/wp\/v2\/posts\/74365\/revisions"}],"wp:featuredmedia":[{"embeddable":true,"href":"https:\/\/www.europesays.com\/pt\/wp-json\/wp\/v2\/media\/73515"}],"wp:attachment":[{"href":"https:\/\/www.europesays.com\/pt\/wp-json\/wp\/v2\/media?parent=74365"}],"wp:term":[{"taxonomy":"category","embeddable":true,"href":"https:\/\/www.europesays.com\/pt\/wp-json\/wp\/v2\/categories?post=74365"},{"taxonomy":"post_tag","embeddable":true,"href":"https:\/\/www.europesays.com\/pt\/wp-json\/wp\/v2\/tags?post=74365"}],"curies":[{"name":"wp","href":"https:\/\/api.w.org\/{rel}","templated":true}]}}