{"id":74380,"date":"2025-09-16T21:39:10","date_gmt":"2025-09-16T21:39:10","guid":{"rendered":"https:\/\/www.europesays.com\/pt\/74380\/"},"modified":"2025-09-16T21:39:10","modified_gmt":"2025-09-16T21:39:10","slug":"viviane-araujo-impressiona-com-corpo-apos-cirurgia-de-hernia-famosos","status":"publish","type":"post","link":"https:\/\/www.europesays.com\/pt\/74380\/","title":{"rendered":"Viviane Ara\u00fajo impressiona com corpo ap\u00f3s cirurgia de h\u00e9rnia &#8211; Famosos"},"content":{"rendered":"<p>            <img decoding=\"async\" src=\"https:\/\/www.europesays.com\/pt\/wp-content\/uploads\/2025\/09\/viviane-araujo_1_182351.jpg\" alt=\"Viviane Ara\u00fajo\" title=\"Viviane Ara\u00fajo\"\/><br \/>\n              Reprodu\u00e7\u00e3o Instagram Viviane Ara\u00fajo surpreende f\u00e3s com corpo ap\u00f3s cirurgia de h\u00e9rnia<\/p>\n<p>                        Reda\u00e7\u00e3o Entretenimento<\/p>\n<p>                          <img loading=\"lazy\" decoding=\"async\" class=\"me-1 space-img\" src=\"https:\/\/www.europesays.com\/pt\/wp-content\/uploads\/2025\/09\/clock.png\" width=\"24\" height=\"24\" alt=\"clock\"\/><br \/>\n                          16\/09\/2025 11:09<\/p>\n<p>\u00a0<a target=\"blank\" href=\"https:\/\/www.uai.com.br\/app\/entretenimento\/famosos\/2025\/08\/16\/not-famosos,367380\/viviane-araujo-revela-desejo-de-ter-mais-filhos-e-fala-sobre-fertilizacao.shtml\" rel=\"nofollow noopener\"><\/p>\n<p>Leia Mais<\/p>\n<p><a target=\"blank\" href=\"https:\/\/www.uai.com.br\/app\/entretenimento\/famosos\/2025\/08\/16\/not-famosos,367380\/viviane-araujo-revela-desejo-de-ter-mais-filhos-e-fala-sobre-fertilizacao.shtml\" rel=\"nofollow noopener\">Viviane Ara\u00fajo<\/a>\u00a0voltou a arrancar suspiros nas redes sociais ao compartilhar cliques descontra\u00eddos, aproveitando o sol ao lado do filho Joaquim, de 3 anos. A atriz e rainha de bateria mostrou que est\u00e1 com o corpo em plena forma, esbanjando confian\u00e7a e sa\u00fade de biqu\u00edni &#8211; e de quebra, abriu o jogo sobre sua\u00a0<a target=\"blank\" href=\"https:\/\/www.uai.com.br\/app\/entretenimento\/famosos\/2025\/06\/06\/not-famosos,362824\/apos-complicacoes-viviane-araujo-passa-por-nova-cirurgia-e-recebe-apoio.shtml\" rel=\"nofollow noopener\">recente cirurgia<\/a>.<\/p>\n<p>\u00a0<\/p>\n<p>\u00a0<\/p>\n<p>\u00a0<\/p>\n<p>Nesta ter\u00e7a-feira (16), Viviane encantou seguidores ao surgir renovando o bronzeado na praia e depois curtindo momentos fofos em casa com o herdeiro. Na legenda, a musa destacou a import\u00e2ncia do que ela chama de &#8220;vitamina D&#8221; e do carinho do pequeno: &#8220;\u00c0s vezes, tudo o que a gente precisa \u00e9 um pouco de sol e uma boa conversa com nosso nen\u00e9m&#8221;.<\/p>\n<p>\u00a0<\/p>\n<p> O que chamou aten\u00e7\u00e3o mesmo foi o f\u00edsico da atriz, que est\u00e1 visivelmente em \u00f3tima forma, mesmo ap\u00f3s enfrentar um processo delicado de recupera\u00e7\u00e3o.<\/p>\n<p>\u00a0<\/p>\n<p>Nos \u00faltimos meses, Viviane passou por sua quarta\u00a0<a target=\"blank\" href=\"https:\/\/www.uai.com.br\/app\/entretenimento\/famosos\/2025\/06\/11\/not-famosos,363119\/viviane-araujo-nega-lipo-apos-cirurgia-e-revela-o-que-foi-feito-no-abdomen.shtml\" rel=\"nofollow noopener\">cirurgia para corrigir h\u00e9rnias umbilicais<\/a>\u00a0&#8211; um desafio que ela enfrentou com muita transpar\u00eancia.  &#8220;Descobri que tinha duas h\u00e9rnias, uma no umbigo e outra pr\u00f3xima. Essa foi minha quarta cirurgia: operei em 2020, antes da gravidez, depois em 2023, 2024, e agora novamente. Foi uma opera\u00e7\u00e3o complexa feita por rob\u00f4, precisei colocar uma tela e tamb\u00e9m tirar um pouco de pele ao redor do umbigo. Mas tudo isso para garantir minha sa\u00fade e meu bem-estar&#8221;, revelou.<\/p>\n","protected":false},"excerpt":{"rendered":"Reprodu\u00e7\u00e3o Instagram Viviane Ara\u00fajo surpreende f\u00e3s com corpo ap\u00f3s cirurgia de h\u00e9rnia Reda\u00e7\u00e3o Entretenimento 16\/09\/2025 11:09 \u00a0 Leia&hellip;\n","protected":false},"author":2,"featured_media":74381,"comment_status":"","ping_status":"","sticky":false,"template":"","format":"standard","meta":{"footnotes":""},"categories":[145],"tags":[211,210,114,115,32,33],"class_list":{"0":"post-74380","1":"post","2":"type-post","3":"status-publish","4":"format-standard","5":"has-post-thumbnail","7":"category-celebridades","8":"tag-celebridades","9":"tag-celebrities","10":"tag-entertainment","11":"tag-entretenimento","12":"tag-portugal","13":"tag-pt"},"share_on_mastodon":{"url":"","error":""},"_links":{"self":[{"href":"https:\/\/www.europesays.com\/pt\/wp-json\/wp\/v2\/posts\/74380","targetHints":{"allow":["GET"]}}],"collection":[{"href":"https:\/\/www.europesays.com\/pt\/wp-json\/wp\/v2\/posts"}],"about":[{"href":"https:\/\/www.europesays.com\/pt\/wp-json\/wp\/v2\/types\/post"}],"author":[{"embeddable":true,"href":"https:\/\/www.europesays.com\/pt\/wp-json\/wp\/v2\/users\/2"}],"replies":[{"embeddable":true,"href":"https:\/\/www.europesays.com\/pt\/wp-json\/wp\/v2\/comments?post=74380"}],"version-history":[{"count":0,"href":"https:\/\/www.europesays.com\/pt\/wp-json\/wp\/v2\/posts\/74380\/revisions"}],"wp:featuredmedia":[{"embeddable":true,"href":"https:\/\/www.europesays.com\/pt\/wp-json\/wp\/v2\/media\/74381"}],"wp:attachment":[{"href":"https:\/\/www.europesays.com\/pt\/wp-json\/wp\/v2\/media?parent=74380"}],"wp:term":[{"taxonomy":"category","embeddable":true,"href":"https:\/\/www.europesays.com\/pt\/wp-json\/wp\/v2\/categories?post=74380"},{"taxonomy":"post_tag","embeddable":true,"href":"https:\/\/www.europesays.com\/pt\/wp-json\/wp\/v2\/tags?post=74380"}],"curies":[{"name":"wp","href":"https:\/\/api.w.org\/{rel}","templated":true}]}}