{"id":74454,"date":"2025-09-16T22:45:08","date_gmt":"2025-09-16T22:45:08","guid":{"rendered":"https:\/\/www.europesays.com\/pt\/74454\/"},"modified":"2025-09-16T22:45:08","modified_gmt":"2025-09-16T22:45:08","slug":"audiencia-estreia-de-a-fazenda-17-registra-segunda-pior-media-da-historia-o-globo","status":"publish","type":"post","link":"https:\/\/www.europesays.com\/pt\/74454\/","title":{"rendered":"Audi\u00eancia: estreia de &#039;A fazenda 17&#039; registra segunda pior m\u00e9dia da Hist\u00f3ria &#8211; O Globo"},"content":{"rendered":"<ol>\n<li><a href=\"https:\/\/news.google.com\/rss\/articles\/CBMi1AFBVV95cUxONTJnaUN3SXIwWllSbTJsMDR6bXlYczl3TUl4czdMTHN1S25mYlBvcU1tRVk3WjAtSDd4SldTZzN4dUhaQ3FPY1EwVTczeXRTM2c1VDEzZ0V5RnNfQlJkU2FTM1d2M0hUVlE0aFpTUVpIVlJ2Z3hRSS0zR0hTQnR6bUhNQzZyU2paMnd0WmdfdnlzbDNFY21NMWMwV3g0ZDJKN09MdnBJZkZlT0R3VjVfZzFGMG9sUW9TMXlMeXpaUGJlOFA5c28wYVpYN3B1ZUI4VzR6OdIB4wFBVV95cUxPbUlpSkQ2VkdwNU5yd1dGY1pqSzI4end0REZvWnY1M0Mwa1FxZnVnQXFPdno3Z212VHBmSDNFdDJSb1cyOXRLUHU1XzFwdV83WWdOelo3SlVpeDhoN0I2T1BlN3VkamlIZFlDbUs1OER3dEV3X3ZKUDB2NU5MWFFFZlFGWWdzdW5SV21wSWtSU2loX1UtOHBPeHRQN3NXSzI0LWhnbWFUN2tUSUU0Qm9yWVVzYXhSSXJfb0p6bGRWMi1Oa2hmdWlyVE9odmw4RkJZSTVKdFNFam1jQU0wM3liSGY4MA?oc=5\" target=\"_blank\" rel=\"nofollow noopener\">Audi\u00eancia: estreia de &#8216;A fazenda 17&#8217; registra segunda pior m\u00e9dia da Hist\u00f3ria<\/a>&nbsp;&nbsp;O Globo<\/li>\n<li><a href=\"https:\/\/news.google.com\/rss\/articles\/CBMimgFBVV95cUxNb1VmTDJtYzI3cVlmczVRY1luVU15RUZXRFU0dmtOR3JBSHJjZnA2X1pNVkIwLVhRbjI0SG1RX2NZNTRBM1J1dnFDcVdhcnN2ZzliVkt1ZlhjbENqS2ltNXFoQWxpUnM3WUVzYnpnZkVJMmZTb3dnazVROHFuWWVxel9xNGFKY2JXRlVNeTlPYUdOWHdJZW4yZkxn?oc=5\" target=\"_blank\" rel=\"nofollow noopener\">Quem \u00e9 Duda Wendling, atriz que est\u00e1 em A Fazenda 17?<\/a>&nbsp;&nbsp;Estad\u00e3o<\/li>\n<li><a href=\"https:\/\/news.google.com\/rss\/articles\/CBMiuAFBVV95cUxNTlhoS0lod3dfNTJzUlg1M0JMS1J5ZzdyMVRKaGotSjB6dl9IMTN6ZHFXMmR3M1dJLS1acUdmTWZEcV9rTV9yamdQX3RXSFI0czgwWDNUR3haRHgxNE1iMjF0VTlUOXZMYkVHOGRfelBKdGN1WHF5X0pocnJWdUppUU1HRm0zU1laaDZHWVE3MDEwY1FtS09xTl9CZ0NIQVB2REhjWktXNWE2MzN2NjZSSk5jU0otdE5k?oc=5\" target=\"_blank\" rel=\"nofollow noopener\">Quem \u00e9 Gaby Spanic, atriz de A Usurpadora que est\u00e1 em A Fazenda 17<\/a>&nbsp;&nbsp;Metr\u00f3poles<\/li>\n<li><a href=\"https:\/\/news.google.com\/rss\/articles\/CBMiwwFBVV95cUxNajBxbDEwdk9WWDFhck9XUWIwMDViRHZiQU5XMmtJMHpPZ1VVRGx2WkpVXzZOYkJzVHpUQTFCMU1HMGlIU0Z2UVcxdHFqcFB5Ymp2RzVKODhPMXJwcEpSTFZ4WFpMVjNwSnpXRWlsdm95dGt5YXJ4a0FVc1QwZTFBVmFabXdzS2tKdE8xY0o0VGVjbWpMWFdrcWlZQk1vVzcyU282WnNBVHUyUnpoLVdCT3otWDRKc253a1kxd3dEVHJ0Z2fSAcgBQVVfeXFMTThCWFFkYkZZRGFmTDlvcDJiYzNiLVpNNmJCczRMUGRQelYxeUo4cG5DYUozMFIxTVB1UGpBU0oxMUlTQjR6bUgzUEJxOFVSZk1XNHc4b0xuLVRlRXRfSTktZk1FQzNHVmtMRTM5bDNDcEdwSjczaWtQejhtZjRVU3U5TDNKWDF6WS1IcElZUm53c2hzbHY3Q0lldkphRGl1SmN4VEFFbmhOVmYxUzlyd2hMUENvRW1QcjVVTUI5c3RycGxmckNLY3Y?oc=5\" target=\"_blank\" rel=\"nofollow noopener\">A Fazenda: Matheus Martins cumpre a primeira miss\u00e3o de infiltrado<\/a>&nbsp;&nbsp;NaTelinha<\/li>\n<li><a href=\"https:\/\/news.google.com\/rss\/articles\/CBMiqAJBVV95cUxPTW9KSHlPNzBGbzh4cW8zNWNGaXBDNVJpbWczbmUwdGdEMTFmd2d0YVVsRFUwdGxXMmNlWjlSYnBxTXRMaGhqZi1UM0QzX1NHNmtnLVNBYVJnM0NyM2JPcGVza0FyTjJsUkFsNXdIbUJyaVR6ak1MVnNJREZoaEp0bGJkZm9VZElteTdFWGd5M01yb1hfQmgxX0JsWVZ2c3hPY1lmYlNfeEtWeThoVFhWZXJRYWI1MU1YRHoyUk5FOXRWbE14YjF3dFNQUEw3UEVWRXEyV1pITU9ZaGw3UjBrX1pYbXZuSl80OS1sWDBuWlV1ZVNRamhncHdoQTJfOFJRN2hSZVBacEU5MzZmNEN4V0pqRm42QWVWTUJYeDNiTnBrQ1ViOWRzYg?oc=5\" target=\"_blank\" rel=\"nofollow noopener\">Qual \u00e9 o signo dos participantes de &#8216;A Fazenda&#8217;? Veja a lista COMPLETA e como astrologia vai impactar o reality<\/a>&nbsp;&nbsp;Terra<\/li>\n<\/ol>\n","protected":false},"excerpt":{"rendered":"Audi\u00eancia: estreia de &#8216;A fazenda 17&#8217; registra segunda pior m\u00e9dia da Hist\u00f3ria&nbsp;&nbsp;O Globo Quem \u00e9 Duda Wendling, atriz&hellip;\n","protected":false},"author":2,"featured_media":74455,"comment_status":"","ping_status":"","sticky":false,"template":"","format":"standard","meta":{"footnotes":""},"categories":[145],"tags":[657,211,210,114,115,32,33,679],"class_list":{"0":"post-74454","1":"post","2":"type-post","3":"status-publish","4":"format-standard","5":"has-post-thumbnail","7":"category-celebridades","8":"tag-a-fazenda","9":"tag-celebridades","10":"tag-celebrities","11":"tag-entertainment","12":"tag-entretenimento","13":"tag-portugal","14":"tag-pt","15":"tag-reportagem"},"share_on_mastodon":{"url":"","error":""},"_links":{"self":[{"href":"https:\/\/www.europesays.com\/pt\/wp-json\/wp\/v2\/posts\/74454","targetHints":{"allow":["GET"]}}],"collection":[{"href":"https:\/\/www.europesays.com\/pt\/wp-json\/wp\/v2\/posts"}],"about":[{"href":"https:\/\/www.europesays.com\/pt\/wp-json\/wp\/v2\/types\/post"}],"author":[{"embeddable":true,"href":"https:\/\/www.europesays.com\/pt\/wp-json\/wp\/v2\/users\/2"}],"replies":[{"embeddable":true,"href":"https:\/\/www.europesays.com\/pt\/wp-json\/wp\/v2\/comments?post=74454"}],"version-history":[{"count":0,"href":"https:\/\/www.europesays.com\/pt\/wp-json\/wp\/v2\/posts\/74454\/revisions"}],"wp:featuredmedia":[{"embeddable":true,"href":"https:\/\/www.europesays.com\/pt\/wp-json\/wp\/v2\/media\/74455"}],"wp:attachment":[{"href":"https:\/\/www.europesays.com\/pt\/wp-json\/wp\/v2\/media?parent=74454"}],"wp:term":[{"taxonomy":"category","embeddable":true,"href":"https:\/\/www.europesays.com\/pt\/wp-json\/wp\/v2\/categories?post=74454"},{"taxonomy":"post_tag","embeddable":true,"href":"https:\/\/www.europesays.com\/pt\/wp-json\/wp\/v2\/tags?post=74454"}],"curies":[{"name":"wp","href":"https:\/\/api.w.org\/{rel}","templated":true}]}}