{"id":74500,"date":"2025-09-16T23:25:24","date_gmt":"2025-09-16T23:25:24","guid":{"rendered":"https:\/\/www.europesays.com\/pt\/74500\/"},"modified":"2025-09-16T23:25:24","modified_gmt":"2025-09-16T23:25:24","slug":"saude-intestinal-e-aliada-no-tratamento-de-transtornos-alimentares-em-adolescentes","status":"publish","type":"post","link":"https:\/\/www.europesays.com\/pt\/74500\/","title":{"rendered":"SA\u00daDE INTESTINAL \u00c9 ALIADA NO TRATAMENTO DE TRANSTORNOS ALIMENTARES EM ADOLESCENTES"},"content":{"rendered":"<p>Os transtornos alimentares entre adolescentes est\u00e3o em crescimento no Brasil. Em audi\u00eancia p\u00fablica realizada na C\u00e2mara dos Deputados, em maio de 2024, pesquisadores revelaram que um em cada cinco jovens de 6 a 18 anos j\u00e1 apresentou algum transtorno alimentar, chegando a um ter\u00e7o no caso das meninas. O Minist\u00e9rio da Sa\u00fade tamb\u00e9m estima que at\u00e9 10% dos adolescentes convivem com essas condi\u00e7\u00f5es, que incluem anorexia, bulimia, compuls\u00e3o alimentar e vigorexia. Esses dist\u00farbios n\u00e3o afetam apenas o peso: comprometem a sa\u00fade f\u00edsica, emocional e social, e podem se associar a obesidade, sedentarismo, fadiga e distor\u00e7\u00e3o da imagem corporal.<\/p>\n<p>De acordo com a nutr\u00f3loga Suzana Viana, o tratamento precisa ser amplo e considerar fatores muitas vezes negligenciados, como o intestino. \u201cA microbiota intestinal participa da produ\u00e7\u00e3o de neurotransmissores como a serotonina, fundamentais para o humor e o equil\u00edbrio emocional. Quando existe desequil\u00edbrio, o adolescente pode apresentar mais ansiedade, compuls\u00e3o e dificuldade para responder bem \u00e0s terapias. Por isso, olhar para a sa\u00fade intestinal \u00e9 essencial nesse processo de recupera\u00e7\u00e3o\u201d, explica.<\/p>\n<p>Como o intestino influencia o c\u00e9rebro e o comportamento<\/p>\n<p>O chamado eixo intestino-c\u00e9rebro \u00e9 a comunica\u00e7\u00e3o direta entre o sistema digestivo e o sistema nervoso central. Al\u00e9m de regular o metabolismo, a microbiota influencia a resposta inflamat\u00f3ria, o sono, o controle do apetite e o bem-estar emocional. Estima-se que 90% da serotonina do corpo seja produzida no intestino, o que ajuda a entender por que altera\u00e7\u00f5es neste \u00f3rg\u00e3o est\u00e3o associadas a quadros de depress\u00e3o, ansiedade e compuls\u00e3o alimentar.<\/p>\n<p>\u201cA sa\u00fade intestinal n\u00e3o pode ser vista isolada da sa\u00fade mental. Quando o adolescente tem inflama\u00e7\u00f5es silenciosas, m\u00e1 absor\u00e7\u00e3o de nutrientes ou disbiose, ele n\u00e3o apenas sente no corpo, mas tamb\u00e9m nas emo\u00e7\u00f5es. Esse desequil\u00edbrio impacta diretamente no tratamento de qualquer transtorno alimentar\u201d, refor\u00e7a Suzana.<\/p>\n<p>Diagn\u00f3stico e acompanhamento integrado<\/p>\n<p>A avalia\u00e7\u00e3o cl\u00ednica deve ir al\u00e9m da alimenta\u00e7\u00e3o e do peso corporal. Exames de composi\u00e7\u00e3o corporal, marcadores inflamat\u00f3rios, perfil hormonal e avalia\u00e7\u00e3o da microbiota podem trazer informa\u00e7\u00f5es valiosas sobre como o organismo est\u00e1 reagindo.<\/p>\n<p>\u201cO adolescente precisa de acompanhamento interdisciplinar, com m\u00e9dico, psic\u00f3logo, psiquiatra e nutricionista trabalhando em conjunto. \u00c9 essa integra\u00e7\u00e3o que d\u00e1 suporte n\u00e3o s\u00f3 ao corpo, mas tamb\u00e9m \u00e0 mente, tornando o tratamento mais eficaz\u201d, orienta Suzana.<\/p>\n<p>Para Dra. Suzana, o maior desafio \u00e9 mudar a forma como o adolescente enxerga sua pr\u00f3pria sa\u00fade. \u201cN\u00e3o basta restringir alimentos ou controlar calorias. O foco deve ser o equil\u00edbrio, a energia e o bem-estar. Quando o jovem entende que cuidar do intestino tamb\u00e9m melhora seu humor, sua disposi\u00e7\u00e3o e sua autoestima, o tratamento deixa de ser uma puni\u00e7\u00e3o e passa a ser um caminho para a autonomia e qualidade de vida\u201d, conclui.<\/p>\n<p>Suzana Viana<\/p>\n<p>Suzana Viana \u00e9 m\u00e9dica formada pela Faculdade de Tecnologia e Ci\u00eancias (2013), com p\u00f3s-gradua\u00e7\u00e3o em Gastroenterologia pela Faculdade IPEMED (2019). Atua como nutr\u00f3loga, auxiliando pacientes com problemas gastrointestinais, lipedema, disbiose, obesidade, menopausa e fertilidade.<\/p>\n<p>Mais informa\u00e7\u00f5es: drasuzzanaviana.com.br<\/p>\n<p>Foto: Freepik<\/p>\n","protected":false},"excerpt":{"rendered":"Os transtornos alimentares entre adolescentes est\u00e3o em crescimento no Brasil. Em audi\u00eancia p\u00fablica realizada na C\u00e2mara dos Deputados,&hellip;\n","protected":false},"author":2,"featured_media":74501,"comment_status":"","ping_status":"","sticky":false,"template":"","format":"standard","meta":{"footnotes":""},"categories":[86],"tags":[726,116,52,32,33,117],"class_list":{"0":"post-74500","1":"post","2":"type-post","3":"status-publish","4":"format-standard","5":"has-post-thumbnail","7":"category-saude","8":"tag-brasil","9":"tag-health","10":"tag-politica","11":"tag-portugal","12":"tag-pt","13":"tag-saude"},"share_on_mastodon":{"url":"","error":""},"_links":{"self":[{"href":"https:\/\/www.europesays.com\/pt\/wp-json\/wp\/v2\/posts\/74500","targetHints":{"allow":["GET"]}}],"collection":[{"href":"https:\/\/www.europesays.com\/pt\/wp-json\/wp\/v2\/posts"}],"about":[{"href":"https:\/\/www.europesays.com\/pt\/wp-json\/wp\/v2\/types\/post"}],"author":[{"embeddable":true,"href":"https:\/\/www.europesays.com\/pt\/wp-json\/wp\/v2\/users\/2"}],"replies":[{"embeddable":true,"href":"https:\/\/www.europesays.com\/pt\/wp-json\/wp\/v2\/comments?post=74500"}],"version-history":[{"count":0,"href":"https:\/\/www.europesays.com\/pt\/wp-json\/wp\/v2\/posts\/74500\/revisions"}],"wp:featuredmedia":[{"embeddable":true,"href":"https:\/\/www.europesays.com\/pt\/wp-json\/wp\/v2\/media\/74501"}],"wp:attachment":[{"href":"https:\/\/www.europesays.com\/pt\/wp-json\/wp\/v2\/media?parent=74500"}],"wp:term":[{"taxonomy":"category","embeddable":true,"href":"https:\/\/www.europesays.com\/pt\/wp-json\/wp\/v2\/categories?post=74500"},{"taxonomy":"post_tag","embeddable":true,"href":"https:\/\/www.europesays.com\/pt\/wp-json\/wp\/v2\/tags?post=74500"}],"curies":[{"name":"wp","href":"https:\/\/api.w.org\/{rel}","templated":true}]}}