{"id":74814,"date":"2025-09-17T08:01:20","date_gmt":"2025-09-17T08:01:20","guid":{"rendered":"https:\/\/www.europesays.com\/pt\/74814\/"},"modified":"2025-09-17T08:01:20","modified_gmt":"2025-09-17T08:01:20","slug":"iate-de-gisele-bundchen-e-feito-em-santa-catarina","status":"publish","type":"post","link":"https:\/\/www.europesays.com\/pt\/74814\/","title":{"rendered":"iate de Gisele B\u00fcndchen \u00e9 feito em Santa Catarina"},"content":{"rendered":"<p>O iate luxuoso \u00e9 feito em Santa Catarina e chama aten\u00e7\u00e3o pelo valor e pelas peculiaridades da embarca\u00e7\u00e3o<\/p>\n<p>  <img class=\"content-first-image wp-image-2657382 size-full\" loading=\"eager\" decoding=\"sync\" fetchpriority=\"high\" src=\"https:\/\/www.europesays.com\/pt\/wp-content\/uploads\/2025\/09\/9.jpg\" alt=\"Iate de luxo de Gisele B\u00fcndchen\" width=\"1200\" height=\"800\"  \/>Gisele B\u00fcndchen adquiriu iate luxuoso feito no Brasil \u2013 Foto: Foto: Victor Santos \/ Revista N\u00e1utica\/ND<\/p>\n<p>\u00cdcone mundial da moda e do lifestyle saud\u00e1vel, <a href=\"https:\/\/ndmais.com.br\/famosos\/mansao-flutuante-de-cristiano-ronaldo-e-lancha-de-gisele-bundchen-poderao-ser-visitadas-em-sc\/\" rel=\"nofollow noopener\" target=\"_blank\">Gisele B\u00fcndchen<\/a> tamb\u00e9m \u00e9 apaixonada pelo mar. Em seus momentos de lazer, a modelo brasileira escolheu navegar a bordo de um iate <strong>produzido em Santa Catarina.\u00a0<\/strong><\/p>\n<p>A cena ganhou ainda mais repercuss\u00e3o internacional porque Gisele n\u00e3o estava sozinha: a bordo do iate tamb\u00e9m foi vista a filha do presidente norte-americano Donald Trump, Ivanka Trump.<\/p>\n<p>O <strong>\u201cbeach club flutuante\u201d<\/strong> de Gisele    <\/p>\n<ul class=\"slider-galeria-de-foto-wrapper glide__slides\">\n<li id=\"galeria-slide-1\" class=\"slider-galeria-de-foto-slide glide__slide\"> <a href=\"https:\/\/www.europesays.com\/pt\/wp-content\/uploads\/2025\/09\/7-1.jpg\" title=\"Ivanka Trump e Gisele B\u00fcndchen s\u00e3o vistas juntas na embarca\u00e7\u00e3o de luxo - Divulga\u00e7\u00e3o\/Redes Sociais\/ND\" data-fancybox=\"\" data-caption=\"Ivanka Trump e Gisele B\u00fcndchen s\u00e3o vistas juntas na embarca\u00e7\u00e3o de luxo - Divulga\u00e7\u00e3o\/Redes Sociais\/ND\" id=\"zoom-gallery-2657380\" class=\"imagem-galeria\"> <img decoding=\"async\" width=\"1200\" height=\"800\" src=\"https:\/\/www.europesays.com\/pt\/wp-content\/uploads\/2025\/09\/7-1.jpg\" class=\"\" alt=\"Ivanka Trump e Gisele B\u00fcndchen s\u00e3o vistas juntas na embarca\u00e7\u00e3o de luxo - Divulga\u00e7\u00e3o\/Redes Sociais\/ND\" loading=\"lazy\"  \/> <\/a>   Ivanka Trump e Gisele B\u00fcndchen s\u00e3o vistas juntas na embarca\u00e7\u00e3o de luxo &#8211; Divulga\u00e7\u00e3o\/Redes Sociais\/ND   <\/li>\n<li id=\"galeria-slide-2\" class=\"slider-galeria-de-foto-slide glide__slide\"> <a href=\"https:\/\/www.europesays.com\/pt\/wp-content\/uploads\/2025\/09\/8-1.jpg\" title=\"A modelo e o marido adquiriram o iate em fevereiro - Divulga\u00e7\u00e3o\/Redes Sociais\/ND\" data-fancybox=\"\" data-caption=\"A modelo e o marido adquiriram o iate em fevereiro - Divulga\u00e7\u00e3o\/Redes Sociais\/ND\" id=\"zoom-gallery-2657381\" class=\"imagem-galeria\"> <img decoding=\"async\" width=\"1200\" height=\"800\" src=\"https:\/\/www.europesays.com\/pt\/wp-content\/uploads\/2025\/09\/8-1.jpg\" class=\"\" alt=\"A modelo e o marido adquiriram o iate em fevereiro - Divulga\u00e7\u00e3o\/Redes Sociais\/ND\" loading=\"lazy\"  \/> <\/a>   A modelo e o marido adquiriram o iate em fevereiro &#8211; Divulga\u00e7\u00e3o\/Redes Sociais\/ND   <\/li>\n<\/ul>\n<p>A Schaefer V44 saiu de<a href=\"https:\/\/ndmais.com.br\/meio-ambiente\/exclusividade-e-segredos-quais-sao-as-ilhas-particulares-em-florianopolis\/\" rel=\"nofollow noopener\" target=\"_blank\"> Florian\u00f3polis<\/a>, direto de um dos maiores estaleitos de iate do Brasil, a Schaefer Yachts. A embarca\u00e7\u00e3o foi adquirida em fevereiro por Joaquim Valente, namorado de Gisele, pouco antes do nascimento de River, primeiro filho do casal e o terceiro da top model, segundo informa\u00e7\u00f5es da publica\u00e7\u00e3o especializada N\u00e1utica.<\/p>\n<p>O iate em que as duas foram vistas curtindo um dia de lazer pode custar at\u00e9 R$ 8 milh\u00f5es, com pre\u00e7o inicial de cerca de R$ 6,5 milh\u00f5es, conforme informa\u00e7\u00f5es do R7.<\/p>\n<p>Um dos pontos mais marcantes da lancha \u00e9 o cockpit em n\u00edvel \u00fanico, que se transforma em um verdadeiro beach club. O espa\u00e7o se integra a duas varandas laterais de 2,40 m com acionamento el\u00e9trico, al\u00e9m da plataforma de popa submers\u00edvel.<\/p>\n<p>Durante o dia, a V44 comporta at\u00e9 14 pessoas. \u00c0 noite, acomoda quatro pessoas com conforto total, permitindo pernoites em clima de privacidade e exclusividade.<\/p>\n<p>Iate\u00a0de Gisele B\u00fcndchen tem espa\u00e7o para 14 pessoas    <\/p>\n<ul class=\"slider-galeria-de-foto-wrapper glide__slides\">\n<li id=\"galeria-slide-1\" class=\"slider-galeria-de-foto-slide glide__slide\"> <a href=\"https:\/\/www.europesays.com\/pt\/wp-content\/uploads\/2025\/09\/11.jpg\" title=\"Projetada especialmente para o mercado americano - Divulga\u00e7\u00e3o\/Schaeffer\/ND\" data-fancybox=\"\" data-caption=\"Projetada especialmente para o mercado americano - Divulga\u00e7\u00e3o\/Schaeffer\/ND\" id=\"zoom-gallery-2657384\" class=\"imagem-galeria\"> <img decoding=\"async\" width=\"1200\" height=\"800\" src=\"https:\/\/www.europesays.com\/pt\/wp-content\/uploads\/2025\/09\/11.jpg\" class=\"\" alt=\"Projetada especialmente para o mercado americano - Divulga\u00e7\u00e3o\/Schaeffer\/ND\" loading=\"lazy\"  \/> <\/a>   Projetada especialmente para o mercado americano &#8211; Divulga\u00e7\u00e3o\/Schaeffer\/ND   <\/li>\n<li id=\"galeria-slide-2\" class=\"slider-galeria-de-foto-slide glide__slide\"> <a href=\"https:\/\/www.europesays.com\/pt\/wp-content\/uploads\/2025\/09\/6-2.jpg\" title=\"A lancha possui recursos como a cria\u00e7\u00e3o de duas varandas laterais (beach clubs ou open decks), - Divulga\u00e7\u00e3o\/Victor Santos\/ Revista N\u00e1utica\/ND\" data-fancybox=\"\" data-caption=\"A lancha possui recursos como a cria\u00e7\u00e3o de duas varandas laterais (beach clubs ou open decks), - Divulga\u00e7\u00e3o\/Victor Santos\/ Revista N\u00e1utica\/ND\" id=\"zoom-gallery-2657379\" class=\"imagem-galeria\"> <img decoding=\"async\" width=\"1200\" height=\"800\" src=\"https:\/\/www.europesays.com\/pt\/wp-content\/uploads\/2025\/09\/6-2.jpg\" class=\"\" alt=\"A lancha possui recursos como a cria\u00e7\u00e3o de duas varandas laterais (beach clubs ou open decks), - Divulga\u00e7\u00e3o\/Victor Santos\/ Revista N\u00e1utica\/ND\" loading=\"lazy\"  \/> <\/a>   A lancha possui recursos como a cria\u00e7\u00e3o de duas varandas laterais (beach clubs ou open decks), &#8211; Divulga\u00e7\u00e3o\/Victor Santos\/ Revista N\u00e1utica\/ND   <\/li>\n<li id=\"galeria-slide-3\" class=\"slider-galeria-de-foto-slide glide__slide\"> <a href=\"https:\/\/www.europesays.com\/pt\/wp-content\/uploads\/2025\/09\/10.jpg\" title=\"Como principais opcionais, vale destacar: essa lancha de estilo retr\u00f4 j\u00e1 vem preparada de f\u00e1brica - Divulga\u00e7\u00e3o\/Victor Santos\/ Revista N\u00e1utica\/ND\" data-fancybox=\"\" data-caption=\"Como principais opcionais, vale destacar: essa lancha de estilo retr\u00f4 j\u00e1 vem preparada de f\u00e1brica - Divulga\u00e7\u00e3o\/Victor Santos\/ Revista N\u00e1utica\/ND\" id=\"zoom-gallery-2657383\" class=\"imagem-galeria\"> <img decoding=\"async\" width=\"1200\" height=\"800\" src=\"https:\/\/www.europesays.com\/pt\/wp-content\/uploads\/2025\/09\/10.jpg\" class=\"\" alt=\"Como principais opcionais, vale destacar: essa lancha de estilo retr\u00f4 j\u00e1 vem preparada de f\u00e1brica - Divulga\u00e7\u00e3o\/Victor Santos\/ Revista N\u00e1utica\/ND\" loading=\"lazy\"  \/> <\/a>   Como principais opcionais, vale destacar: essa lancha de estilo retr\u00f4 j\u00e1 vem preparada de f\u00e1brica &#8211; Divulga\u00e7\u00e3o\/Victor Santos\/ Revista N\u00e1utica\/ND   <\/li>\n<li id=\"galeria-slide-4\" class=\"slider-galeria-de-foto-slide glide__slide\"> <a href=\"https:\/\/www.europesays.com\/pt\/wp-content\/uploads\/2025\/09\/4-11.jpg\" title=\"O barco tem capacidade para at\u00e9 14 pessoas (durante o dia) ou 4 (para pernoite). - Divulga\u00e7\u00e3o\/Ito Cornelsen\/ND\" data-fancybox=\"\" data-caption=\"O barco tem capacidade para at\u00e9 14 pessoas (durante o dia) ou 4 (para pernoite). - Divulga\u00e7\u00e3o\/Ito Cornelsen\/ND\" id=\"zoom-gallery-2657377\" class=\"imagem-galeria\"> <img decoding=\"async\" width=\"1200\" height=\"800\" src=\"https:\/\/www.europesays.com\/pt\/wp-content\/uploads\/2025\/09\/4-11.jpg\" class=\"\" alt=\"O barco tem capacidade para at\u00e9 14 pessoas (durante o dia) ou 4 (para pernoite). - Divulga\u00e7\u00e3o\/Ito Cornelsen\/ND\" loading=\"lazy\"  \/> <\/a>   O barco tem capacidade para at\u00e9 14 pessoas (durante o dia) ou 4 (para pernoite). &#8211; Divulga\u00e7\u00e3o\/Ito Cornelsen\/ND   <\/li>\n<li id=\"galeria-slide-5\" class=\"slider-galeria-de-foto-slide glide__slide\"> <a href=\"https:\/\/www.europesays.com\/pt\/wp-content\/uploads\/2025\/09\/5-5.jpg\" title=\"Al\u00e9m dos instrumentos de navega\u00e7\u00e3o, h\u00e1 lugar para mais um monitor para acompanhar o funcionamento dos motores - Divulga\u00e7\u00e3o\/Victor Santos\/ Revista N\u00e1utica\/ND\" data-fancybox=\"\" data-caption=\"Al\u00e9m dos instrumentos de navega\u00e7\u00e3o, h\u00e1 lugar para mais um monitor para acompanhar o funcionamento dos motores - Divulga\u00e7\u00e3o\/Victor Santos\/ Revista N\u00e1utica\/ND\" id=\"zoom-gallery-2657378\" class=\"imagem-galeria\"> <img decoding=\"async\" width=\"1200\" height=\"800\" src=\"https:\/\/www.europesays.com\/pt\/wp-content\/uploads\/2025\/09\/5-5.jpg\" class=\"\" alt=\"Al\u00e9m dos instrumentos de navega\u00e7\u00e3o, h\u00e1 lugar para mais um monitor para acompanhar o funcionamento dos motores - Divulga\u00e7\u00e3o\/Victor Santos\/ Revista N\u00e1utica\/ND\" loading=\"lazy\"  \/> <\/a>   Al\u00e9m dos instrumentos de navega\u00e7\u00e3o, h\u00e1 lugar para mais um monitor para acompanhar o funcionamento dos motores &#8211; Divulga\u00e7\u00e3o\/Victor Santos\/ Revista N\u00e1utica\/ND   <\/li>\n<li id=\"galeria-slide-6\" class=\"slider-galeria-de-foto-slide glide__slide\"> <a href=\"https:\/\/www.europesays.com\/pt\/wp-content\/uploads\/2025\/09\/3-20.jpg\" title=\"Tanto a ilumina\u00e7\u00e3o quanto a ventila\u00e7\u00e3o natural s\u00e3o dois pontos fortes da cabine da V44 - Divulga\u00e7\u00e3o\/Victor Santos\/ Revista N\u00e1utica\/ND\" data-fancybox=\"\" data-caption=\"Tanto a ilumina\u00e7\u00e3o quanto a ventila\u00e7\u00e3o natural s\u00e3o dois pontos fortes da cabine da V44 - Divulga\u00e7\u00e3o\/Victor Santos\/ Revista N\u00e1utica\/ND\" id=\"zoom-gallery-2657376\" class=\"imagem-galeria\"> <img decoding=\"async\" width=\"1200\" height=\"800\" src=\"https:\/\/www.europesays.com\/pt\/wp-content\/uploads\/2025\/09\/3-20.jpg\" class=\"\" alt=\"Tanto a ilumina\u00e7\u00e3o quanto a ventila\u00e7\u00e3o natural s\u00e3o dois pontos fortes da cabine da V44 - Divulga\u00e7\u00e3o\/Victor Santos\/ Revista N\u00e1utica\/ND\" loading=\"lazy\"  \/> <\/a>   Tanto a ilumina\u00e7\u00e3o quanto a ventila\u00e7\u00e3o natural s\u00e3o dois pontos fortes da cabine da V44 &#8211; Divulga\u00e7\u00e3o\/Victor Santos\/ Revista N\u00e1utica\/ND   <\/li>\n<li id=\"galeria-slide-7\" class=\"slider-galeria-de-foto-slide glide__slide\"> <a href=\"https:\/\/www.europesays.com\/pt\/wp-content\/uploads\/2025\/09\/2-27.jpg\" title=\"Com 13,61 m de comprimento (44,8 p\u00e9s) e 4,17 m de boca - Divulga\u00e7\u00e3o\/Victor Santos\/ Revista N\u00e1utica\/ND\" data-fancybox=\"\" data-caption=\"Com 13,61 m de comprimento (44,8 p\u00e9s) e 4,17 m de boca - Divulga\u00e7\u00e3o\/Victor Santos\/ Revista N\u00e1utica\/ND\" id=\"zoom-gallery-2657375\" class=\"imagem-galeria\"> <img decoding=\"async\" width=\"1200\" height=\"800\" src=\"https:\/\/www.europesays.com\/pt\/wp-content\/uploads\/2025\/09\/2-27.jpg\" class=\"\" alt=\"Com 13,61 m de comprimento (44,8 p\u00e9s) e 4,17 m de boca - Divulga\u00e7\u00e3o\/Victor Santos\/ Revista N\u00e1utica\/ND\" loading=\"lazy\"  \/> <\/a>   Com 13,61 m de comprimento (44,8 p\u00e9s) e 4,17 m de boca &#8211; Divulga\u00e7\u00e3o\/Victor Santos\/ Revista N\u00e1utica\/ND   <\/li>\n<li id=\"galeria-slide-8\" class=\"slider-galeria-de-foto-slide glide__slide\"> <a href=\"https:\/\/www.europesays.com\/pt\/wp-content\/uploads\/2025\/09\/1-27.jpg\" title=\"A lancha \u00e9 um Schaefer V44, modelo da marca brasileira criada por M\u00e1rcio Schaefer - Divulga\u00e7\u00e3o\/Victor Santos\/ Revista N\u00e1utica\/ND\" data-fancybox=\"\" data-caption=\"A lancha \u00e9 um Schaefer V44, modelo da marca brasileira criada por M\u00e1rcio Schaefer - Divulga\u00e7\u00e3o\/Victor Santos\/ Revista N\u00e1utica\/ND\" id=\"zoom-gallery-2657374\" class=\"imagem-galeria\"> <img decoding=\"async\" width=\"1200\" height=\"800\" src=\"https:\/\/www.europesays.com\/pt\/wp-content\/uploads\/2025\/09\/1-27.jpg\" class=\"\" alt=\"A lancha \u00e9 um Schaefer V44, modelo da marca brasileira criada por M\u00e1rcio Schaefer - Divulga\u00e7\u00e3o\/Victor Santos\/ Revista N\u00e1utica\/ND\" loading=\"lazy\"  \/> <\/a>   A lancha \u00e9 um Schaefer V44, modelo da marca brasileira criada por M\u00e1rcio Schaefer &#8211; Divulga\u00e7\u00e3o\/Victor Santos\/ Revista N\u00e1utica\/ND   <\/li>\n<li id=\"galeria-slide-9\" class=\"slider-galeria-de-foto-slide glide__slide\"> <a href=\"https:\/\/www.europesays.com\/pt\/wp-content\/uploads\/2025\/09\/9.jpg\" title=\"Gisele B\u00fcndchen adquiriu iate luxuoso feito no Brasil - Divulga\u00e7\u00e3o\/Victor Santos\/ Revista N\u00e1utica\/ND\" data-fancybox=\"\" data-caption=\"Gisele B\u00fcndchen adquiriu iate luxuoso feito no Brasil - Divulga\u00e7\u00e3o\/Victor Santos\/ Revista N\u00e1utica\/ND\" id=\"zoom-gallery-2657382\" class=\"imagem-galeria\"> <img decoding=\"async\" width=\"1200\" height=\"800\" src=\"https:\/\/www.europesays.com\/pt\/wp-content\/uploads\/2025\/09\/9.jpg\" class=\"\" alt=\"Gisele B\u00fcndchen adquiriu iate luxuoso feito no Brasil - Divulga\u00e7\u00e3o\/Victor Santos\/ Revista N\u00e1utica\/ND\" loading=\"lazy\"  \/> <\/a>   Gisele B\u00fcndchen adquiriu iate luxuoso feito no Brasil &#8211; Divulga\u00e7\u00e3o\/Victor Santos\/ Revista N\u00e1utica\/ND   <\/li>\n<li id=\"galeria-slide-10\" class=\"slider-galeria-de-foto-slide glide__slide\"> <a href=\"https:\/\/www.europesays.com\/pt\/wp-content\/uploads\/2025\/09\/7-1.jpg\" title=\"Ivanka Trump e Gisele B\u00fcndchen s\u00e3o vistas juntas na embarca\u00e7\u00e3o de luxo - Divulga\u00e7\u00e3o\/Redes Sociais\/ND\" data-fancybox=\"\" data-caption=\"Ivanka Trump e Gisele B\u00fcndchen s\u00e3o vistas juntas na embarca\u00e7\u00e3o de luxo - Divulga\u00e7\u00e3o\/Redes Sociais\/ND\" id=\"zoom-gallery-2657380\" class=\"imagem-galeria\"> <img decoding=\"async\" width=\"1200\" height=\"800\" src=\"https:\/\/www.europesays.com\/pt\/wp-content\/uploads\/2025\/09\/7-1.jpg\" class=\"\" alt=\"Ivanka Trump e Gisele B\u00fcndchen s\u00e3o vistas juntas na embarca\u00e7\u00e3o de luxo - Divulga\u00e7\u00e3o\/Redes Sociais\/ND\" loading=\"lazy\"  \/> <\/a>   Ivanka Trump e Gisele B\u00fcndchen s\u00e3o vistas juntas na embarca\u00e7\u00e3o de luxo &#8211; Divulga\u00e7\u00e3o\/Redes Sociais\/ND   <\/li>\n<\/ul>\n<p>Apesar de ser chamada de lancha, a V44 entra na categoria de iate por conta do tamanho e da estrutura completa para viver a bordo. S\u00e3o 44 p\u00e9s de comprimento (13,6 metros) que combinam design moderno, muito espa\u00e7o e solu\u00e7\u00f5es inteligentes para o mar.<\/p>\n<p>Al\u00e9m de contar com:<\/p>\n<ul>\n<li>Espa\u00e7o externo: <a href=\"https:\/\/ndmais.com.br\/justica\/beach-clubs-em-florianopolis-vitoria-do-atraso-e-do-ativismo-judicial\/\" rel=\"nofollow noopener\" target=\"_blank\">beach club<\/a> integrado, com varandas laterais que \u201cabrem\u201d a \u00e1rea social, criando um terra\u00e7o sobre a \u00e1gua.<\/li>\n<li>Plataforma de popa submers\u00edvel: funciona como um deck, que pode baixar at\u00e9 a \u00e1gua para facilitar mergulhos, pr\u00e1tica de esportes ou at\u00e9 mesmo servir de \u201cpraia particular\u201d.<\/li>\n<li>Conforto interno: com layout pensado para a fam\u00edlia, a V44 tem acomoda\u00e7\u00f5es para at\u00e9 quatro pessoas dormirem a bordo, em cabines climatizadas e com acabamento de luxo.<\/li>\n<li>Autonomia de viagem: os tanques comportam 1.650 litros de combust\u00edvel e 275 litros de \u00e1gua doce, o que garante passeios longos sem preocupa\u00e7\u00e3o.<\/li>\n<li>Pot\u00eancia sob medida: a V44 pode receber motores de diferentes configura\u00e7\u00f5es, de centro-rabeta ou popa, permitindo personaliza\u00e7\u00e3o conforme o estilo do dono, seja para quem gosta de velocidade, seja para quem prefere navega\u00e7\u00e3o tranquila.<\/li>\n<\/ul>\n","protected":false},"excerpt":{"rendered":"O iate luxuoso \u00e9 feito em Santa Catarina e chama aten\u00e7\u00e3o pelo valor e pelas peculiaridades da embarca\u00e7\u00e3o&hellip;\n","protected":false},"author":2,"featured_media":74815,"comment_status":"","ping_status":"","sticky":false,"template":"","format":"standard","meta":{"footnotes":""},"categories":[145],"tags":[211,210,114,115,980,10647,1968,2250,32,33],"class_list":{"0":"post-74814","1":"post","2":"type-post","3":"status-publish","4":"format-standard","5":"has-post-thumbnail","7":"category-celebridades","8":"tag-celebridades","9":"tag-celebrities","10":"tag-entertainment","11":"tag-entretenimento","12":"tag-famosos","13":"tag-florianpolis","14":"tag-notcia","15":"tag-notcia-santa-catarina","16":"tag-portugal","17":"tag-pt"},"share_on_mastodon":{"url":"","error":""},"_links":{"self":[{"href":"https:\/\/www.europesays.com\/pt\/wp-json\/wp\/v2\/posts\/74814","targetHints":{"allow":["GET"]}}],"collection":[{"href":"https:\/\/www.europesays.com\/pt\/wp-json\/wp\/v2\/posts"}],"about":[{"href":"https:\/\/www.europesays.com\/pt\/wp-json\/wp\/v2\/types\/post"}],"author":[{"embeddable":true,"href":"https:\/\/www.europesays.com\/pt\/wp-json\/wp\/v2\/users\/2"}],"replies":[{"embeddable":true,"href":"https:\/\/www.europesays.com\/pt\/wp-json\/wp\/v2\/comments?post=74814"}],"version-history":[{"count":0,"href":"https:\/\/www.europesays.com\/pt\/wp-json\/wp\/v2\/posts\/74814\/revisions"}],"wp:featuredmedia":[{"embeddable":true,"href":"https:\/\/www.europesays.com\/pt\/wp-json\/wp\/v2\/media\/74815"}],"wp:attachment":[{"href":"https:\/\/www.europesays.com\/pt\/wp-json\/wp\/v2\/media?parent=74814"}],"wp:term":[{"taxonomy":"category","embeddable":true,"href":"https:\/\/www.europesays.com\/pt\/wp-json\/wp\/v2\/categories?post=74814"},{"taxonomy":"post_tag","embeddable":true,"href":"https:\/\/www.europesays.com\/pt\/wp-json\/wp\/v2\/tags?post=74814"}],"curies":[{"name":"wp","href":"https:\/\/api.w.org\/{rel}","templated":true}]}}